{"id":9214,"date":"2017-09-05T19:49:30","date_gmt":"2017-09-05T16:49:30","guid":{"rendered":"http:\/\/www.hayrettinkagnici.com\/?p=9214"},"modified":"2017-09-13T07:52:02","modified_gmt":"2017-09-13T04:52:02","slug":"maderia-adalari","status":"publish","type":"post","link":"https:\/\/hayrettinkagnici.com\/en\/turkish-maderia-adalari\/","title":{"rendered":"(Turkish) Madeira Adalar\u0131"},"content":{"rendered":"<p class=\"qtranxs-available-languages-message qtranxs-available-languages-message-en\">Sorry, this entry is only available in <a href=\"https:\/\/hayrettinkagnici.com\/tr\/wp-json\/wp\/v2\/posts\/9214\" class=\"qtranxs-available-language-link qtranxs-available-language-link-tr\" title=\"Turkish\">Turkish<\/a>. For the sake of viewer convenience, the content is shown below in the alternative language. You may click the link to switch the active language.<\/p><p>&nbsp;<\/p>\n<p><strong><em>MADE\u0130RA TAKIMADALARI<\/em><\/strong><\/p>\n<p>&nbsp;<\/p>\n<p>Lizbon\u2019dan ak\u015fam u\u00e7a\u011f\u0131 ile 1,5 saat mesafede Atlas Okyanusu ortas\u0131nda, n\u00fcfusu 250 bin, toplam alan\u0131 797 km\u00b2 olan, Portekiz\u2019e ba\u011fl\u0131 \u00f6zerk y\u00f6netim Madeira Tak\u0131m Adalar\u0131\u2019n\u0131n en b\u00fcy\u00fc\u011f\u00fc olan, Madeira adas\u0131nda ba\u015f \u015fehir Funchal\u2019a gidiyoruz.<\/p>\n<p>Otele yerle\u015ftikten hemen sonra, eliimizde adres ak\u015fam yeme\u011fi i\u00e7in yollarday\u0131z. Inn- Art\u00a0 restaurante\u201d. Denize kar\u015f\u0131, harika servis, harika \u015farap, harika bal\u0131k.. do\u011fru adres\u2026<\/p>\n<p>&nbsp;<\/p>\n<p>**<\/p>\n<p>.\u00a0Adan\u0131n en \u00f6nemli \u00f6zelliklerinden biri koruma alt\u0131na al\u0131nm\u0131\u015f defne t\u00fcr\u00fc a\u011fa\u00e7lardan olu\u015fan ormanlar. Yakla\u015f\u0131k iki saatlik ormanda koca koca defne a\u011fa\u00e7lar\u0131n\u0131n aras\u0131nda y\u00fcr\u00fcyoruz. Defnenin bu kadar \u00e7ok \u00e7e\u015fidi oldu\u011funu bilmezdim. \u00c7ok g\u00fczel geldi temiz hava bol oksijen.<\/p>\n<p>10 bin y\u0131l \u00f6ncesine kadar d\u00fcnyan\u0131n bir\u00e7ok yerinde bolca bulunan defne ormanlar\u0131, iklim de\u011fi\u015fiklikleri ve ortalama s\u0131cakl\u0131klardaki de\u011fi\u015fim nedeniyle kaybolmu\u015flar. Sadece Kanarya adalar\u0131, Azor adalar\u0131 ve en fazla olarak Maderia adalar\u0131n\u0131n derin vadi ve yama\u00e7lar\u0131nda halen varl\u0131klar\u0131n\u0131 s\u00fcrd\u00fcrmekteler.\u00a0 Koruma alt\u0131nda olan b\u00f6lge, t\u00fcr\u00fcn\u00fcn en b\u00fcy\u00fck olan \u00f6rne\u011fi oldu\u011fu i\u00e7in Unesco buras\u0131n\u0131 D\u00fcnya Miras\u0131 listesine alm\u0131\u015f. Bu g\u00fcnk\u00fc program, geni\u015f bir ada turu. Her taraf yemye\u015fil sanki her yerden bitki f\u0131\u015fk\u0131r\u0131yor. Belli ki iklim \u00e7ok elveri\u015fli. \u00a0Yolumuzun \u00fczerinde rom fabrikas\u0131 var, aman ka\u00e7\u0131rmayal\u0131m.. Rom\u2019un ana malzemesi \u015feker kam\u0131\u015f\u0131d\u0131r. Ge\u00e7mi\u015f d\u00f6nemlerde gerek Arap gerekse di\u011fer denizciler, Hindistan, Kenya gibi yerlerden \u00a0toplad\u0131klar\u0131 baharat ve \u015feker kam\u0131\u015f\u0131n\u0131 buradaki adalara da satm\u0131\u015flar. Beyaz alt\u0131n denilen \u015feker kam\u0131\u015f\u0131, \u00f6nceleri \u0130spanyollar taraf\u0131ndan \u0130spanya da ekilmi\u015f, sonralar\u0131 da Portekizliler bu adaya \u015feker kam\u0131\u015f\u0131 ekmi\u015fler. \u015eeker, bu g\u00fcn Maderia adalar\u0131n\u0131n b\u00fcy\u00fck gelirlerinden biridir. \u00a0\u00a0Sonu\u00e7, \u00a0rom fabrikas\u0131 ziyareti ve bir s\u00fcr\u00fc farkl\u0131 cins rom tad\u0131m\u0131, meyval\u0131s\u0131, tatl\u0131s\u0131, ek\u015fisi derken. Kafalar yumu\u015fad\u0131. ..<\/p>\n<p>Hafif bir kahve\u00a0 molas\u0131 otel ve denize kar\u015f\u0131 dostlarla gene ayn\u0131 \u201cInn Art\u201d restoranda\u00a0 keyifli ak\u015fam yeme\u011fi ve sohbeti.. \u00d6zellikle seyahatlerde ayn\u0131 restorana gitmek adet de\u011fildir ama buras\u0131 tamamd\u0131r.<\/p>\n<p>**<\/p>\n<p>Volkanik kayalarla kapl\u0131 Madeira Tak\u0131m Adalar\u0131nda, en b\u00fcy\u00fc\u011f\u00fc olan Madeira \u00a0adas\u0131 ve Porto Santo adas\u0131 d\u0131\u015f\u0131nda yerle\u015fim yok. \u00c7ok keyifli huzurlu, yemye\u015fil bir yer ama iki g\u00fcn tamamd\u0131r. Asl\u0131nda iklim harika, k\u0131\u015f\u0131n 15\u00b0C, yaz ortalamas\u0131 22\u00b0C\u2019. Tam ya\u015fanacak yer.. \u00a0\u00d6nemli gelir kayna\u011f\u0131, turizm, \u015farap, \u015feker gibi \u00fcr\u00fcnler, \u00d6yle \u00e7ok hafife al\u0131r gibi olmay\u0131n, insanlar\u0131n ya\u015fam standard\u0131 olduk\u00e7a y\u00fcksek.<\/p>\n<p><strong><em>\u00a0Sevgilerimle<\/em><\/strong><\/p>\n<p>Hayrettin Ka\u011fn\u0131c\u0131<\/p>\n<p>www.hayrettinkagnici.com<\/p>\n<p>Haziran 2017<\/p>","protected":false},"excerpt":{"rendered":"<p>Sorry, this entry is only available in Turkish. For the sake of viewer convenience, the content is shown below in the alternative language. You may click the link to switch the active language.&nbsp; MADE\u0130RA TAKIMADALARI &nbsp; Lizbon\u2019dan ak\u015fam u\u00e7a\u011f\u0131 ile 1,5 saat mesafede Atlas Okyanusu ortas\u0131nda, n\u00fcfusu 250 bin, toplam alan\u0131 797 km\u00b2 olan, Portekiz\u2019e [&hellip;]<\/p>\n","protected":false},"author":2,"featured_media":9135,"comment_status":"closed","ping_status":"open","sticky":false,"template":"","format":"standard","meta":{"footnotes":""},"categories":[13],"tags":[],"class_list":["post-9214","post","type-post","status-publish","format-standard","has-post-thumbnail","hentry","category-gezi-notlari"],"yoast_head":"<!-- This site is optimized with the Yoast SEO plugin v24.8.1 - https:\/\/yoast.com\/wordpress\/plugins\/seo\/ -->\n<title>(Turkish) Madeira Adalar\u0131 - Hayrettin Ka\u011fn\u0131c\u0131 - Official website<\/title>\n<meta name=\"robots\" content=\"index, follow, max-snippet:-1, max-image-preview:large, max-video-preview:-1\" \/>\n<link rel=\"canonical\" href=\"https:\/\/hayrettinkagnici.com\/tr\/?p=9214\" \/>\n<meta property=\"og:locale\" content=\"en_US\" \/>\n<meta property=\"og:type\" content=\"article\" \/>\n<meta property=\"og:title\" content=\"(Turkish) Madeira Adalar\u0131 - Hayrettin Ka\u011fn\u0131c\u0131 - Official website\" \/>\n<meta property=\"og:description\" content=\"Sorry, this entry is only available in Turkish. For the sake of viewer convenience, the content is shown below in the alternative language. You may click the link to switch the active language.&nbsp; MADE\u0130RA TAKIMADALARI &nbsp; Lizbon\u2019dan ak\u015fam u\u00e7a\u011f\u0131 ile 1,5 saat mesafede Atlas Okyanusu ortas\u0131nda, n\u00fcfusu 250 bin, toplam alan\u0131 797 km\u00b2 olan, Portekiz\u2019e [&hellip;]\" \/>\n<meta property=\"og:url\" content=\"https:\/\/hayrettinkagnici.com\/tr\/?p=9214\" \/>\n<meta property=\"og:site_name\" content=\"Hayrettin Ka\u011fn\u0131c\u0131 - Official website\" \/>\n<meta property=\"article:published_time\" content=\"2017-09-05T16:49:30+00:00\" \/>\n<meta property=\"article:modified_time\" content=\"2017-09-13T04:52:02+00:00\" \/>\n<meta property=\"og:image\" content=\"https:\/\/hayrettinkagnici.com\/wp-content\/uploads\/2017\/09\/20170603-_DSC2254-1024x683.jpg\" \/>\n\t<meta property=\"og:image:width\" content=\"1024\" \/>\n\t<meta property=\"og:image:height\" content=\"683\" \/>\n\t<meta property=\"og:image:type\" content=\"image\/jpeg\" \/>\n<meta name=\"author\" content=\"Hayrettin Ka\u011fn\u0131c\u0131\" \/>\n<meta name=\"twitter:card\" content=\"summary_large_image\" \/>\n<meta name=\"twitter:label1\" content=\"Written by\" \/>\n\t<meta name=\"twitter:data1\" content=\"Hayrettin Ka\u011fn\u0131c\u0131\" \/>\n\t<meta name=\"twitter:label2\" content=\"Est. reading time\" \/>\n\t<meta name=\"twitter:data2\" content=\"2 minutes\" \/>\n<script type=\"application\/ld+json\" class=\"yoast-schema-graph\">{\"@context\":\"https:\/\/schema.org\",\"@graph\":[{\"@type\":\"WebPage\",\"@id\":\"https:\/\/hayrettinkagnici.com\/tr\/?p=9214\",\"url\":\"https:\/\/hayrettinkagnici.com\/tr\/?p=9214\",\"name\":\"(Turkish) Madeira Adalar\u0131 - Hayrettin Ka\u011fn\u0131c\u0131 - Official website\",\"isPartOf\":{\"@id\":\"https:\/\/hayrettinkagnici.com\/tr\/#website\"},\"primaryImageOfPage\":{\"@id\":\"https:\/\/hayrettinkagnici.com\/tr\/?p=9214#primaryimage\"},\"image\":{\"@id\":\"https:\/\/hayrettinkagnici.com\/tr\/?p=9214#primaryimage\"},\"thumbnailUrl\":\"https:\/\/hayrettinkagnici.com\/wp-content\/uploads\/2017\/09\/20170603-_DSC2254.jpg\",\"datePublished\":\"2017-09-05T16:49:30+00:00\",\"dateModified\":\"2017-09-13T04:52:02+00:00\",\"author\":{\"@id\":\"https:\/\/hayrettinkagnici.com\/tr\/#\/schema\/person\/41376320da30fa4a422a216e619233ac\"},\"breadcrumb\":{\"@id\":\"https:\/\/hayrettinkagnici.com\/tr\/?p=9214#breadcrumb\"},\"inLanguage\":\"en-US\",\"potentialAction\":[{\"@type\":\"ReadAction\",\"target\":[\"https:\/\/hayrettinkagnici.com\/tr\/?p=9214\"]}]},{\"@type\":\"ImageObject\",\"inLanguage\":\"en-US\",\"@id\":\"https:\/\/hayrettinkagnici.com\/tr\/?p=9214#primaryimage\",\"url\":\"https:\/\/hayrettinkagnici.com\/wp-content\/uploads\/2017\/09\/20170603-_DSC2254.jpg\",\"contentUrl\":\"https:\/\/hayrettinkagnici.com\/wp-content\/uploads\/2017\/09\/20170603-_DSC2254.jpg\",\"width\":6705,\"height\":4472},{\"@type\":\"BreadcrumbList\",\"@id\":\"https:\/\/hayrettinkagnici.com\/tr\/?p=9214#breadcrumb\",\"itemListElement\":[{\"@type\":\"ListItem\",\"position\":1,\"name\":\"Ana sayfa\",\"item\":\"https:\/\/hayrettinkagnici.com\/tr\/\"},{\"@type\":\"ListItem\",\"position\":2,\"name\":\"Madeira Adalar\u0131\"}]},{\"@type\":\"WebSite\",\"@id\":\"https:\/\/hayrettinkagnici.com\/tr\/#website\",\"url\":\"https:\/\/hayrettinkagnici.com\/tr\/\",\"name\":\"Hayrettin Ka\u011fn\u0131c\u0131 - Official website\",\"description\":\"hayrettinkagnici.com\",\"potentialAction\":[{\"@type\":\"SearchAction\",\"target\":{\"@type\":\"EntryPoint\",\"urlTemplate\":\"https:\/\/hayrettinkagnici.com\/tr\/?s={search_term_string}\"},\"query-input\":{\"@type\":\"PropertyValueSpecification\",\"valueRequired\":true,\"valueName\":\"search_term_string\"}}],\"inLanguage\":\"en-US\"},{\"@type\":\"Person\",\"@id\":\"https:\/\/hayrettinkagnici.com\/tr\/#\/schema\/person\/41376320da30fa4a422a216e619233ac\",\"name\":\"Hayrettin Ka\u011fn\u0131c\u0131\",\"image\":{\"@type\":\"ImageObject\",\"inLanguage\":\"en-US\",\"@id\":\"https:\/\/hayrettinkagnici.com\/tr\/#\/schema\/person\/image\/\",\"url\":\"https:\/\/secure.gravatar.com\/avatar\/6e542954c1296a96c4933ac998829f5a?s=96&d=mm&r=g\",\"contentUrl\":\"https:\/\/secure.gravatar.com\/avatar\/6e542954c1296a96c4933ac998829f5a?s=96&d=mm&r=g\",\"caption\":\"Hayrettin Ka\u011fn\u0131c\u0131\"},\"description\":\"Makine Y\u00fcksek m\u00fchendislik e\u011fitiminden sonra kendi firmas\u0131n\u0131 kurarak i\u015f hayat\u0131na at\u0131lm\u0131\u015f, CNC kontroll\u00fc sanayi makineleri konusunda uzun y\u0131llar sekt\u00f6rde hizmet vermi\u015f, \u00f6zellikle daire ve \u015ferit testere ile metal kesme konular\u0131nda gerek pratik gerekse teorik olarak uzmanla\u015fm\u0131\u015ft\u0131r.\",\"sameAs\":[\"http:\/\/www.hayrettinkagnici.com\"],\"url\":\"https:\/\/hayrettinkagnici.com\/en\/author\/hayrettin\/\"}]}<\/script>\n<!-- \/ Yoast SEO plugin. -->","yoast_head_json":{"title":"(Turkish) Madeira Adalar\u0131 - Hayrettin Ka\u011fn\u0131c\u0131 - Official website","robots":{"index":"index","follow":"follow","max-snippet":"max-snippet:-1","max-image-preview":"max-image-preview:large","max-video-preview":"max-video-preview:-1"},"canonical":"https:\/\/hayrettinkagnici.com\/tr\/?p=9214","og_locale":"en_US","og_type":"article","og_title":"(Turkish) Madeira Adalar\u0131 - Hayrettin Ka\u011fn\u0131c\u0131 - Official website","og_description":"Sorry, this entry is only available in Turkish. For the sake of viewer convenience, the content is shown below in the alternative language. You may click the link to switch the active language.&nbsp; MADE\u0130RA TAKIMADALARI &nbsp; Lizbon\u2019dan ak\u015fam u\u00e7a\u011f\u0131 ile 1,5 saat mesafede Atlas Okyanusu ortas\u0131nda, n\u00fcfusu 250 bin, toplam alan\u0131 797 km\u00b2 olan, Portekiz\u2019e [&hellip;]","og_url":"https:\/\/hayrettinkagnici.com\/tr\/?p=9214","og_site_name":"Hayrettin Ka\u011fn\u0131c\u0131 - Official website","article_published_time":"2017-09-05T16:49:30+00:00","article_modified_time":"2017-09-13T04:52:02+00:00","og_image":[{"width":1024,"height":683,"url":"https:\/\/hayrettinkagnici.com\/wp-content\/uploads\/2017\/09\/20170603-_DSC2254-1024x683.jpg","type":"image\/jpeg"}],"author":"Hayrettin Ka\u011fn\u0131c\u0131","twitter_card":"summary_large_image","twitter_misc":{"Written by":"Hayrettin Ka\u011fn\u0131c\u0131","Est. reading time":"2 minutes"},"schema":{"@context":"https:\/\/schema.org","@graph":[{"@type":"WebPage","@id":"https:\/\/hayrettinkagnici.com\/tr\/?p=9214","url":"https:\/\/hayrettinkagnici.com\/tr\/?p=9214","name":"(Turkish) Madeira Adalar\u0131 - Hayrettin Ka\u011fn\u0131c\u0131 - Official website","isPartOf":{"@id":"https:\/\/hayrettinkagnici.com\/tr\/#website"},"primaryImageOfPage":{"@id":"https:\/\/hayrettinkagnici.com\/tr\/?p=9214#primaryimage"},"image":{"@id":"https:\/\/hayrettinkagnici.com\/tr\/?p=9214#primaryimage"},"thumbnailUrl":"https:\/\/hayrettinkagnici.com\/wp-content\/uploads\/2017\/09\/20170603-_DSC2254.jpg","datePublished":"2017-09-05T16:49:30+00:00","dateModified":"2017-09-13T04:52:02+00:00","author":{"@id":"https:\/\/hayrettinkagnici.com\/tr\/#\/schema\/person\/41376320da30fa4a422a216e619233ac"},"breadcrumb":{"@id":"https:\/\/hayrettinkagnici.com\/tr\/?p=9214#breadcrumb"},"inLanguage":"en-US","potentialAction":[{"@type":"ReadAction","target":["https:\/\/hayrettinkagnici.com\/tr\/?p=9214"]}]},{"@type":"ImageObject","inLanguage":"en-US","@id":"https:\/\/hayrettinkagnici.com\/tr\/?p=9214#primaryimage","url":"https:\/\/hayrettinkagnici.com\/wp-content\/uploads\/2017\/09\/20170603-_DSC2254.jpg","contentUrl":"https:\/\/hayrettinkagnici.com\/wp-content\/uploads\/2017\/09\/20170603-_DSC2254.jpg","width":6705,"height":4472},{"@type":"BreadcrumbList","@id":"https:\/\/hayrettinkagnici.com\/tr\/?p=9214#breadcrumb","itemListElement":[{"@type":"ListItem","position":1,"name":"Ana sayfa","item":"https:\/\/hayrettinkagnici.com\/tr\/"},{"@type":"ListItem","position":2,"name":"Madeira Adalar\u0131"}]},{"@type":"WebSite","@id":"https:\/\/hayrettinkagnici.com\/tr\/#website","url":"https:\/\/hayrettinkagnici.com\/tr\/","name":"Hayrettin Ka\u011fn\u0131c\u0131 - Official website","description":"hayrettinkagnici.com","potentialAction":[{"@type":"SearchAction","target":{"@type":"EntryPoint","urlTemplate":"https:\/\/hayrettinkagnici.com\/tr\/?s={search_term_string}"},"query-input":{"@type":"PropertyValueSpecification","valueRequired":true,"valueName":"search_term_string"}}],"inLanguage":"en-US"},{"@type":"Person","@id":"https:\/\/hayrettinkagnici.com\/tr\/#\/schema\/person\/41376320da30fa4a422a216e619233ac","name":"Hayrettin Ka\u011fn\u0131c\u0131","image":{"@type":"ImageObject","inLanguage":"en-US","@id":"https:\/\/hayrettinkagnici.com\/tr\/#\/schema\/person\/image\/","url":"https:\/\/secure.gravatar.com\/avatar\/6e542954c1296a96c4933ac998829f5a?s=96&d=mm&r=g","contentUrl":"https:\/\/secure.gravatar.com\/avatar\/6e542954c1296a96c4933ac998829f5a?s=96&d=mm&r=g","caption":"Hayrettin Ka\u011fn\u0131c\u0131"},"description":"Makine Y\u00fcksek m\u00fchendislik e\u011fitiminden sonra kendi firmas\u0131n\u0131 kurarak i\u015f hayat\u0131na at\u0131lm\u0131\u015f, CNC kontroll\u00fc sanayi makineleri konusunda uzun y\u0131llar sekt\u00f6rde hizmet vermi\u015f, \u00f6zellikle daire ve \u015ferit testere ile metal kesme konular\u0131nda gerek pratik gerekse teorik olarak uzmanla\u015fm\u0131\u015ft\u0131r.","sameAs":["http:\/\/www.hayrettinkagnici.com"],"url":"https:\/\/hayrettinkagnici.com\/en\/author\/hayrettin\/"}]}},"_links":{"self":[{"href":"https:\/\/hayrettinkagnici.com\/en\/wp-json\/wp\/v2\/posts\/9214","targetHints":{"allow":["GET"]}}],"collection":[{"href":"https:\/\/hayrettinkagnici.com\/en\/wp-json\/wp\/v2\/posts"}],"about":[{"href":"https:\/\/hayrettinkagnici.com\/en\/wp-json\/wp\/v2\/types\/post"}],"author":[{"embeddable":true,"href":"https:\/\/hayrettinkagnici.com\/en\/wp-json\/wp\/v2\/users\/2"}],"replies":[{"embeddable":true,"href":"https:\/\/hayrettinkagnici.com\/en\/wp-json\/wp\/v2\/comments?post=9214"}],"version-history":[{"count":3,"href":"https:\/\/hayrettinkagnici.com\/en\/wp-json\/wp\/v2\/posts\/9214\/revisions"}],"predecessor-version":[{"id":9315,"href":"https:\/\/hayrettinkagnici.com\/en\/wp-json\/wp\/v2\/posts\/9214\/revisions\/9315"}],"wp:featuredmedia":[{"embeddable":true,"href":"https:\/\/hayrettinkagnici.com\/en\/wp-json\/wp\/v2\/media\/9135"}],"wp:attachment":[{"href":"https:\/\/hayrettinkagnici.com\/en\/wp-json\/wp\/v2\/media?parent=9214"}],"wp:term":[{"taxonomy":"category","embeddable":true,"href":"https:\/\/hayrettinkagnici.com\/en\/wp-json\/wp\/v2\/categories?post=9214"},{"taxonomy":"post_tag","embeddable":true,"href":"https:\/\/hayrettinkagnici.com\/en\/wp-json\/wp\/v2\/tags?post=9214"}],"curies":[{"name":"wp","href":"https:\/\/api.w.org\/{rel}","templated":true}]}}