{"id":171,"date":"2016-01-01T09:00:39","date_gmt":"2016-01-01T07:00:39","guid":{"rendered":"http:\/\/hayrettin.avrupateknoloji.com\/?p=171"},"modified":"2016-01-09T15:40:28","modified_gmt":"2016-01-09T13:40:28","slug":"yorukler","status":"publish","type":"post","link":"https:\/\/hayrettinkagnici.com\/tr\/yorukler\/","title":{"rendered":"Y\u00f6r\u00fckler"},"content":{"rendered":"<p>ARA\u00c7LI Y\u00d6R\u00dcKLER\u0130 \/ AKSEK\u0130, G\u00d6KTEPE YAYLALARI<\/p>\n<p>Y\u00f6r\u00fcklerin hayat\u0131n\u0131 hep merak etmi\u015fimdir. Ya\u015famlar\u0131, gelenek ve k\u00fclt\u00fcrlerini. T\u00fcrkiye\u2019de bir \u00e7ok yerde halen g\u00f6\u00e7er olarak ya\u015famlar\u0131n\u0131 s\u00fcrd\u00fcr\u00fcyor Y\u00f6r\u00fckler. \u015eimdiler de, develer yerine ara\u00e7lar, k\u0131l \u00e7ad\u0131rlar yerine daha pratik \u00e7ad\u0131rlar veya sabit konaklama evleri olsa da.Alanya \u00fczerinden Akseki&#8217;ye geldik , buran\u0131n yaylalar\u0131ndaki Y\u00f6r\u00fckler ile tan\u0131\u015fmak i\u00e7in. Akseki giri\u015finde ho\u015f geldiniz tabelas\u0131n\u0131n yan\u0131nda ba\u015fka bir tabela dikkatimizi \u00e7ekti &#8220;hurdac\u0131lar ve dilenciler giremez&#8221; , biz \u00e7ok \u00fcst\u00fcm\u00fcze al\u0131nmad\u0131k ama kim dilenci oldu\u011funu a\u00e7\u0131k beyan eder ki! Aksekililer hep Kayserililer ile yar\u0131\u015f\u0131rlar i\u015f hayat\u0131nda. Hatta baz\u0131 sekt\u00f6rlerde Aksekili esnaf\u0131n a\u011f\u0131rl\u0131\u011f\u0131 daha fazlad\u0131r. Ama bu zenginlik burada \u00e7ok g\u00f6z\u00fckm\u00fcyor gibi. Sorduk ak\u0131ll\u0131s\u0131 burada ya\u015famaz, bunlar kalanlar Akseki\u2019nin posas\u0131 dediler&#8230;<br \/>\n<!--more--><br \/>\nYak\u0131n k\u00f6ylerden Sar\u0131 Hac\u0131lar k\u00f6y\u00fcne geldik, d\u00fc\u011fmeli evleri ile bilinen. \u00c7ok b\u00fcy\u00fck olmayan ta\u015flar\u0131 d\u00fczeltmeden d\u00fczg\u00fcnce belli bir s\u0131ra halinde 50-60 cm. geni\u015fli\u011finde olacak \u015fekilde yerle\u015ftiriyorlar. Sonra bu dizilen ta\u015flar 50-60 cm. y\u00fckselince, ta\u015flar\u0131n \u00fczerine uzunlamas\u0131na ve dikine ah\u015faplar yerle\u015ftiriyorlar, hat\u0131l gibi. Bu i\u015flem duvarlar \u00e7at\u0131ya y\u00fckselinceye kadar devam ediyor. S\u0131va veya har\u00e7 yok, ta\u015flar yerle\u015ftirildi\u011fi \u015fekilde kal\u0131yor. Sadece i\u00e7eriden s\u0131va yap\u0131l\u0131yor. Dizilen duvar ta\u015flar\u0131na dik olarak yerle\u015ftirilen ah\u015faplar belli s\u0131ralar halinde evin d\u0131\u015f\u0131ndan g\u00f6z\u00fck\u00fcyor. Bu g\u00f6r\u00fcnt\u00fc nedeniyle \u2018d\u00fc\u011fmeli evler\u2019 denilmi\u015f. Koca k\u00f6yde sadece yedi hane ya\u015f\u0131yor, evlerin b\u00fcy\u00fck k\u0131sm\u0131 bak\u0131ms\u0131zl\u0131ktan y\u0131k\u0131lm\u0131\u015f. \u015eimdi tekrar onarmaya ba\u015flay\u0131p turizme a\u00e7may\u0131 planl\u0131yorlar. Bilgiye g\u00f6re 2015 y\u0131l\u0131nda ,ge\u00e7mi\u015fte bu b\u00f6lgede ya\u015fayan b\u00fct\u00fcn k\u00fclt\u00fcrlere ait e\u015fyalar\u0131n sergilenece\u011fi etnografya m\u00fczesi a\u00e7\u0131l\u0131yormu\u015f. Harika. Buran\u0131n en \u00f6nemli di\u011fer \u00f6zelli\u011fi de ipek yolu. Alanya, Kerpe, Konya\u2019dan ge\u00e7en ve Egeye kadar uzanan tarihi ipek yolu g\u00fczergah\u0131 buradan ge\u00e7iyor. Pek bilinmiyor galiba. Y\u00fczy\u0131llar \u00f6ncesinden kalan y\u0131llarca kullan\u0131lm\u0131\u015f deve kervan yollar\u0131, a\u00e7\u0131k bir \u015fekilde duruyor ve de hala kullan\u0131l\u0131yor. Biz de bu yollardan y\u00fcr\u00fcd\u00fck, k\u00f6y\u00fc dola\u015ft\u0131k. M\u00fcthi\u015f bir \u015fey T\u00fcrkiye de tarihi \u0130pek yolu \u00fczerinde y\u00fcr\u00fcmek. Buras\u0131 mutlaka onar\u0131l\u0131p turizme a\u00e7\u0131lmal\u0131. \u0130kindi vakti ezan okunuyor ama cemaat yok, sadece ezan .. Cami 650 y\u0131ll\u0131k tarihi Sar\u0131 Hac\u0131lar cami. \u0130\u00e7eride ger\u00e7ekten tarihi bir s\u00fcr\u00fc de\u011ferli malzeme var. Bir\u00e7ok camiden daha temiz ve bak\u0131ml\u0131 bir de cemaat olsa muhte\u015fem. Epey foto\u011fraf ald\u0131k. Burada rehberimiz 11 ya\u015f\u0131nda Mehmet. Ya\u015f\u0131na g\u00f6re son derece d\u00fczg\u00fcn ve g\u00fczel konu\u015fuyor. \u00c7ok bilgi ald\u0131k Mehmet&#8217;ten, d\u00fc\u011fmeli evleri anlatt\u0131 bize, k\u00f6y\u00fc onunla gezdik. Mimar olmak istiyor, yolun a\u00e7\u0131k olsun evlat&#8230; Yolda 87 ya\u015f\u0131nda eski muhtar Mustafa amca ile kar\u015f\u0131la\u015ft\u0131k. k\u00f6ydeki yedi haneden biri ve de yaln\u0131z ya\u015f\u0131yor, y\u0131llar \u00f6nce e\u015fini kaybetmi\u015f. Evine su ta\u015f\u0131rken g\u00f6rd\u00fck, ta\u015f\u0131n \u00fcst\u00fcnde oturmu\u015f yorgunluk at\u0131yordu. Yarenlik ettik konu\u015fmak istiyor, bizde dinledik keyiflendi..<\/p>\n<p>Bu g\u00fcn G\u00f6ktepe yaylalar\u0131na gidiyoruz. Manavgat ve Akseki il\u00e7elerinin yukar\u0131lar\u0131nda Toros da\u011flar\u0131n\u0131n g\u00fcney yama\u00e7lar\u0131nda 1600-2000 metre y\u00fckseklikte yaylalar. Manavgat Sara\u00e7l\u0131 k\u00f6y\u00fcn\u00fcn Y\u00f6r\u00fckleri buralara g\u00f6\u00e7\u00fcyor. Genelde hayvanc\u0131l\u0131kla ge\u00e7iniyorlar, yaz\u0131n havalar \u0131s\u0131nmaya ba\u015flay\u0131nca, hayvanlar\u0131 ile birlikte buralara gelip, her y\u0131l ayn\u0131 yere yerle\u015fiyorlar. yolda Kar\u015f\u0131la\u015ft\u0131\u011f\u0131m\u0131z birine , biraz \u00e7ekingen temkinli yakla\u015ft\u0131k, tokala\u015ft\u0131k. Hafif bir sohbetten sonra beklenen teklif geldi, \u00e7aya davet. Patika yoldan ayr\u0131l\u0131p biraz t\u0131rmand\u0131ktan sonra arkas\u0131 da\u011f\u0131n yamac\u0131nda yaslanm\u0131\u015f \u00fczeri naylon ile kapl\u0131 \u00e7ad\u0131ra geldik.. \u0130kisi k\u00fc\u00e7\u00fck \u00e7ocuk d\u00f6rt ki\u015filik bir aile. Kad\u0131n, kap\u0131n\u0131 \u00f6n\u00fcnde k\u0131rm\u0131z\u0131 plastik le\u011fende \u00e7ama\u015f\u0131r y\u0131k\u0131yor. Bizi g\u00f6r\u00fcnce kalkt\u0131 ho\u015f geldiniz deyip buyur etti.Ayak \u00fcst\u00fc biraz sohbet sonras\u0131 hareket ba\u015flad\u0131. \u00c7al\u0131lar ile ta\u015f ocakta ate\u015f canland\u0131, \u00e7ay suyu kondu sonra \u00e7ad\u0131ra davet..Yer sofras\u0131nda, yedi\u011fim en g\u00fczel yo\u011furt, ke\u015f denilen tulum benzeri Y\u00f6r\u00fck peyniri, domates salatal\u0131k yufka ekme\u011fi. \u00d6nceleri yok mok demi\u015ftik ama dayanamad\u0131k.. en \u00e7ok da biz yedik hani. Bu kadar i\u00e7ten, bu kadar samimi, bu kadar lezzetli olabilir her \u015fey. Zeynep 8 ya\u015f\u0131nda d\u00fcnya g\u00fczeli \u00f6\u011fretmen olmak istiyor, abi Emrah 11 ya\u015f\u0131nda ne olaca\u011f\u0131na karar vermemi\u015f daha. Aile kendi i\u00e7inde \u00e7ok bar\u0131\u015f\u0131k, sevgi var belli., Kal\u0131n gece biz size bakar\u0131z merak etmeyin diye \u0131srarc\u0131 oluyor kad\u0131n.Zorla ayr\u0131l\u0131yoruz. Y\u00f6r\u00fck \u00e7oban aile, her \u015feyi ile samimi i\u00e7ten, bu \u015fartlar ve imkanlar da misafirperverli\u011fin zirvesi. Hafiften k\u0131zar\u0131yorum bu duygular kar\u015f\u0131s\u0131nda. Seneye de gelin ,bekleriz sesleri ile ayr\u0131l\u0131yoruz. Yar\u0131m saat yol ald\u0131ktan sonra , vadi i\u00e7inde ba\u015fka bir ailenin yan\u0131na gidiyoruz. Da\u011f ba\u015f\u0131nda kolay de\u011fil \u00fc\u00e7 d\u00f6rt yabanc\u0131 geliyor \u00e7ad\u0131ra \u00e7ok k\u0131sa bir tedirginlikten sonra ,bu sefer men\u00fc ayran ile peynirli yufka ekme\u011finden s\u0131kma. Allah\u2019\u0131m ne kadar lezzetli \u015feyler, ..Utand\u0131m ama iki tane yedim yar\u0131m saat \u00f6nceki yeme\u011fin \u00fczerine.Burada baba o\u011ful ve k\u0131zlar \u00fc\u00e7 aile beraber ya\u015f\u0131yorlar. \u0130mkanlar daha iyi gibi, trakt\u00f6r, kamyon arabalar kap\u0131da..Y\u00f6r\u00fck olmak ba\u015fka bir ya\u015fam \u015fekli. Bu ya\u015famda y\u00fck\u00fcn a\u011f\u0131rl\u0131\u011f\u0131 kad\u0131nda, neredeyse her \u015fey kad\u0131n da ba\u015fl\u0131yor, kad\u0131nda bitiyor. Bu \u015fartlarda ya\u015famak \u00e7ok y\u0131prat\u0131c\u0131 olsa gerek diye d\u00fc\u015f\u00fcn\u00fcyorum, meraktan herkesin ya\u015f\u0131n\u0131 soruyorum. Reis durumunda olan 60 ya\u015f \u00fcst\u00fc de\u011fil gibi ama 85 ya\u015f\u0131ndaym\u0131\u015f..Anlamas\u0131 zor, her \u015fey do\u011fal ,temiz hava ama ya\u015fam \u015fartlar\u0131 da kolay de\u011fil.B\u00f6yle olunca m\u0131 uzun ya\u015fan\u0131yor bilemedim..Buraya kadar dikkatimi \u00e7eken bir \u015fey de kar\u015f\u0131la\u015ft\u0131\u011f\u0131m kad\u0131nlardan hi\u00e7 biri bizimle konu\u015fmaktan \u00e7ekinmedi. Yolda kar\u015f\u0131la\u015ft\u0131\u011f\u0131m\u0131z \u00e7oban kad\u0131nlar dahil. Buras\u0131 Toros\u2019lar\u0131n 2000 metre zirvesi ve Sara\u00e7l\u0131 Y\u00f6r\u00fckleri. \u0130lk defa kar\u015f\u0131la\u015ft\u0131klar\u0131 insanlara i\u00e7ten ve do\u011fall\u0131kla davranmak, misafirperverlik.\u015eehirde ya\u015fay\u0131p kom\u015fular\u0131m\u0131z\u0131 tan\u0131mayan bizler mi daha do\u011fru, daha medeniyiz acaba!!.. Sulak yaylas\u0131nda Dipsiz G\u00f6l\u2019e geldik. G\u00f6l ile ilgili efsaneler muhtelif\u2026 Yan\u0131m\u0131za ald\u0131\u011f\u0131m\u0131z yiyecekleri yeme f\u0131rsat\u0131 pek olmad\u0131, yaz\u0131k olmas\u0131n diye oturduk da\u011f ba\u015f\u0131nda akar \u00e7e\u015fmenin ba\u015f\u0131na, onlar\u0131 da yedik. Eyl\u00fcl ba\u015f\u0131,art\u0131k okullar a\u00e7\u0131l\u0131yor, havalar so\u011fuyor. Y\u00f6r\u00fcklerin \u00e7o\u011fu d\u00f6nm\u00fc\u015f, kalanlar da d\u00f6n\u00fc\u015f yolunda. K\u0131\u015f\u0131n buralar \u00e7ok so\u011fuk ve kar. Do\u011fa da kendini yeni sezona haz\u0131rl\u0131yor&#8230;<\/p>\n<p>Toroslar\u0131n zirvelerinde b\u00f6lgenin g\u00fcneyinde ki k\u00f6yleri geziyoruz. D\u00f6n\u00fc\u015f yolunda ki Y\u00f6r\u00fcklerden bir grup k\u0131l \u00e7ad\u0131rlar kurmu\u015f diye haber ald\u0131k. D\u00fc\u015ft\u00fck pe\u015flerine. Manavgat Oymap\u0131nar baraj\u0131na kadar indik, nafile hepsi mobilize olmu\u015f, K\u0131l \u00e7ad\u0131rl\u0131 Y\u00f6r\u00fckler yok art\u0131k. Y\u00f6r\u00fck denince akla ke\u00e7i k\u0131l\u0131ndan yap\u0131lm\u0131\u015f \u00e7ad\u0131rlarda kalan g\u00f6\u00e7ebe insanlar geliyor. Bu nedenle \u00f6nemsedik k\u0131l \u00e7ad\u0131rlar\u0131 g\u00f6rmeyi. Galiba 5-6 y\u0131l ge\u00e7 kalm\u0131\u015f\u0131z k\u0131l \u00e7ad\u0131r i\u00e7in\u2026 D\u00fc\u011fmeli evler b\u00f6lgenin ortak karakteristik evleri, ancak bak\u0131m\u0131 zor \u00e7o\u011fu y\u0131k\u0131k durumda. Merakl\u0131 ve zengin olanlar yeniden restore ettirip eski halini korumaya \u00e7al\u0131\u015f\u0131yor. Bu g\u00fcn\u00fc bitirdik d\u00f6nelim art\u0131k dedik, koptu k\u0131yamet. G\u00f6r\u00fclmemi\u015f \u015fiddette dolu ile ya\u011fmur birlikte, belli ki Tabiat Anay\u0131 k\u0131zd\u0131rm\u0131\u015f\u0131z gene\u2026Kendimizi Cevizli k\u00f6y\u00fcne zor att\u0131k.Bir s\u00fcre sonra hava a\u00e7t\u0131, k\u00f6y kahvesinde \u00e7ay i\u00e7ip yarenlik ediyoruz.. Ge\u00e7im konusunda pek s\u0131k\u0131nt\u0131da olan yok gibi, \u00e7o\u011fu emekli veya ge\u00e7mi\u015fte kazand\u0131klar\u0131 ile idare ediyor, \u00e7al\u0131\u015fanda yok, hayat bi \u015fekilde ge\u00e7iyor i\u015fte. Bu b\u00f6lgenin tamam\u0131 \u201cMilli parklar yaban hayat\u0131 koruma sahas\u0131\u201d olarak ilan edilmi\u015f. Yani burada avlanmak izine tabi. En \u00f6nemli av , yaban ke\u00e7isi. Hani \u00f6yle haber verelim de vural\u0131m olmuyor. Y\u0131l\u0131n belli ay\u0131nda 8 ya\u015f\u0131ndan yukar\u0131 sadece erkek ke\u00e7iler yani tekeleri vurabilirsiniz. O kadar uzaktan erkek di\u015fi nas\u0131l anl\u0131yorsunuz diye.sormak gafletinde bulundum, ay\u0131rt edemez isen ne i\u015fin var buralarda gibilerden bi bak\u0131\u015f ile cevab\u0131 ald\u0131k. Adet olarak ta o sene belirlenen kadar teke vurulacak. 2014 y\u0131l\u0131nda 14 teke vurma kotas\u0131 belirlenmi\u015f. Sadece teke vurmak veya yaralamak 8000 TL, ayr\u0131ca rehber , g\u00f6zc\u00fc , yard\u0131mc\u0131lar ve di\u011fer masraflar ile epey tutuyormu\u015f. Bu \u00fclkede insanlar bu kadar etmiyor yahu.. D\u00f6n\u00fc\u015fte Giden-Gelmez da\u011flar\u0131ndan ge\u00e7iyoruz. Ad\u0131ndan da belli, son derece sarp ve keskin kayalar, bast\u0131\u011f\u0131n yeri , \u2018yollar\u0131 bilmez isen, gidiyorsud\u00f6nemiyorsun!.Yani tek y\u00f6n bilet gibi.. Biz o da\u011flara \u00e7\u0131kmayal\u0131m dedik!.. Bu g\u00fcn tamamd\u0131r ,d\u00f6n\u00fcyoruz.<\/p>\n<p>Bu g\u00fcn, Akseki \u00c7imi yaylalar\u0131na gitmeye karar verdik. Sabah erken gene yollarday\u0131z. Akseki\u2019nin emekli imam\u0131 \u015eaban Hoca bu gezide bize rehberlik ediyor. \u015eaban Hoca att\u0131\u011f\u0131n\u0131 vuran iyi avc\u0131, avc\u0131lara da rehberlik yap\u0131yor, foto\u011frafla da ilgili. B\u00f6yle olunca kolay ileti\u015fime ge\u00e7iyoruz. \u0130lk dura\u011f\u0131m\u0131z 1300 metrelerde d\u00f6n\u00fc\u015f yolunda konaklama yapan bir gurup Y\u00f6r\u00fcklerin yerle\u015fti\u011fi yer. Herkesi yan\u0131yor \u015eaban Hoca, giriyoruz hemen konuya foto\u011fraf \u00e7ekmek istedi\u011fimizi s\u00f6yl\u00fcyoruz. Tamamd\u0131r izin al\u0131nd\u0131.. \u0130\u00e7inde 150-200 ke\u00e7i olan a\u011f\u0131l, bi kenarda ke\u00e7ilerin s\u00fct\u00fcn\u00fc sa\u011fan g\u00fczelce Y\u00f6r\u00fck k\u0131z\u0131, \u00f6nce biraz utand\u0131, sonralar\u0131 al\u0131\u015ft\u0131. \u00c7ekiyoruz g\u00fczel k\u0131z\u0131n s\u00fct sa\u011farken foto\u011fraflar\u0131n\u0131, tamamd\u0131r art\u0131k, te\u015fekk\u00fcr edip ayr\u0131lmak istedik \u2018olmaz\u2018 dediler. Kahvalt\u0131 yapaca\u011f\u0131z. Biz kahvalt\u0131 yapt\u0131k,a\u00e7 de\u011filiz, gak guk bo\u015f laflar bunlar. Buralarda gelene bir \u015fey ikram etmek g\u00f6n\u00fclden bir \u015fey, misafirperverlik. Gidemezsiniz..kald\u0131k..S\u00fct sa\u011f\u0131m bitti, Y\u00f6r\u00fck \u00e7oban \u015eeref ba\u015flad\u0131 ba\u011f\u0131rmaya. Haaytt, hooytt, oyyytt ..inan\u0131n, b\u00fct\u00fcn ke\u00e7iler bir k\u00f6\u015fede topland\u0131 , bu sefer farkl\u0131 ba\u011f\u0131\u015flar ile ke\u00e7ilerin bir k\u0131sm\u0131 ayr\u0131larak d\u0131\u015far\u0131 da\u011flara otlama gitti, bir k\u0131sm\u0131 kald\u0131.Her \u015fey uzaktan ba\u011f\u0131rma ile oluyor. Tekrar yeni ba\u011f\u0131r\u0131\u015f, bu sefer kalan hayvanlar tel \u00f6rg\u00fcn\u00fcn d\u0131\u015f\u0131na \u00e7\u0131k\u0131p beklemeye ba\u015flad\u0131. A\u011f\u0131l\u0131n i\u00e7inde hafif bir temizlik ve yemler yalaklara kondu yeniden de\u011fi\u015fik bir ba\u011f\u0131\u015f ile kalan ke\u00e7iler ko\u015farak i\u00e7eri girip yemlerini yemeye ba\u015flad\u0131lar. Her \u015fey ba\u011f\u0131rarak \u00e7\u0131kart\u0131lan de\u011fi\u015fik sesler ile oluyor, ayn\u0131 sirk hayvanlar\u0131 gibi.<\/p>\n<p>Anlamak \u00e7ok zor valla, da\u011f\u0131n ba\u015f\u0131nda s\u0131radan bir g\u00fcnde hem de ke\u00e7ilerden kesin itaat. Hani ky\u00f6r\u00fcke\u00e7iler inat\u00e7\u0131 olurdu. Merak ettim, neden yar\u0131s\u0131 ayr\u0131ld\u0131 da\u011flara yaln\u0131z ba\u015flar\u0131na gittiler, di\u011ferleri de burada kald\u0131lar diye. Gidenler ya\u015f olarak daha gen\u00e7 olanlar otlay\u0131p ak\u015fam d\u00f6nerlermi\u015f, kalanlar i\u00e7in felaket yak\u0131n . Kurban bayram\u0131 yakla\u015f\u0131yor kurbanl\u0131k olarak sat\u0131lacakm\u0131\u015f. Bu nedenle onlar biraz farkl\u0131 besleniyorlar. Hemen patlatt\u0131m ikinci soruyu, \u2018bu hayvanlar senin farkl\u0131 tonlarda \u00e7\u0131kartt\u0131\u011f\u0131n sesleri nas\u0131l anl\u0131yorlar\u2019 diye, cevap \u2018neden anlamas\u0131n ki,sen nas\u0131l anl\u0131yorsan onlarda \u00f6yle anl\u0131yor\u2019!!..cevabi iyi taraf\u0131ndan al\u0131yorum. Son soru, bende hayytt, hoytt oyytt diye ba\u011f\u0131rsam beni dinlerler mi? \u2018lisan fark\u0131 olabilir, aksan de\u011fi\u015fik gelebilir\u2019 diye espiri yapt\u0131.. Hayvanlar\u0131n burada do\u011fmu\u015f olmas\u0131 ve bu sesleri tan\u0131mas\u0131 laz\u0131m, sende en az birka\u00e7 y\u0131l burada bunlar ile kalman laz\u0131m diye yan\u0131t geldi. Sonradan s\u00fcr\u00fcye kat\u0131lanlarda hizaya getirmek zor oluyormu\u015f. \u00c7oban deyip ge\u00e7meyin, hani derler ya \u201c iki davar\u0131 g\u00fcdemez \u201c diye, \u015fimdi ne demek oldu\u011funu daha iyi anlad\u0131m., kolay de\u011filmi\u015f davar g\u00fctmek..Cahilli\u011fimi daha fazla de\u015fifre etmemek i\u00e7in kahvalt\u0131ya ge\u00e7elim dedim. K\u00f6peklerin de yeme\u011fi verildi \u201conlar da doymal\u0131, a\u00e7 olursa g\u00f6revini aksat\u0131r\u201c diye a\u00e7\u0131klama yapt\u0131 Y\u00f6r\u00fck \u015eeref. B\u00f6lgede yabanc\u0131lar oldu\u011fu hemen haber al\u0131n\u0131yor, di\u011fer Y\u00f6r\u00fckler den de kat\u0131lanlar ile kahvalt\u0131 yap\u0131yoruz. Domates, peynir, salatal\u0131k, yumurta hepsi kendi yeti\u015ftirdikleri. Derin sohbet, konu facebook ta neler nas\u0131l yap\u0131l\u0131r. Bir \u00e7o\u011funu ben de bilmiyorum..Art\u0131k bir faecbook tan bile do\u011fru d\u00fcr\u00fcst anlamad\u0131\u011f\u0131m,yani k\u0131saca bi boktan anlamad\u0131\u011f\u0131m ortaya \u00e7\u0131kt\u0131.Yer Toros da\u011flar\u0131, 1600 metre. Antalya, Akseki il\u00e7esi, \u00c7imi k\u00f6y\u00fc, G\u00f6ktepe yaylas\u0131, Eni\u015ftipi mevki. Y\u00f6r\u00fck \u00e7obanlar ile konu\u015ftuklar\u0131m\u0131z.Vay be konulara, konu\u015fulanlara bak, r\u00fcya ger\u00e7ek mi, ben mi \u00e7ok cahil kalm\u0131\u015f\u0131m bilemedim.Art\u0131k susmay\u0131 tercih ediyorum\u2026Di\u011fer Y\u00f6r\u00fckler de bizi kendi \u00e7ad\u0131rlar\u0131na davet ediyorlar art\u0131k \u00f6\u011frendik, gitmemek olmaz. T\u0131rman\u0131yoruz da\u011flara, bizi g\u00f6ren kar\u015f\u0131 yama\u00e7ta \u00e7al\u0131 \u00e7\u0131rp\u0131 toplayan kad\u0131n ta\u015flar\u0131n \u00fczerinden ko\u015farak geldi. .. ba\u015flad\u0131 toplad\u0131\u011f\u0131 \u00e7al\u0131 \u00e7\u0131rp\u0131 ile ate\u015f yakmaya. Sanki daha \u00f6nceden haz\u0131r olmas\u0131 gerekirmi\u015f gibi hafif bir mahcubiyet ile , \u2018suyu koydum \u00e7ay \u015fimdi olur\u2019 .. Bu sefer zor ikna ettik, ger\u00e7ekten bir lokmal\u0131k yerimiz yok. G\u00fczel sohbet g\u00fczel foto\u011fraflar, her \u015fey g\u00fczel. Anadolu\u2019nun bir\u00e7ok yerinde T\u00fcrk\u00e7e de kuvvetli aksanlar vard\u0131r. Hatta baz\u0131 yerlerde konu\u015fulanlar\u0131 zor anlars\u0131n\u0131z..Bu y\u00f6re de ve Y\u00f6r\u00fckler beklenmedik derecede g\u00fczel T\u00fcrk\u00e7e konu\u015fuyorlar.Bu seyahatim \u015fa\u015fk\u0131nl\u0131klar ile dolu\u2026E\u011fitim \u015fart, bu g\u00fcn bu kadar e\u011fitim yeter deyip hafif duygusal bir ayr\u0131lma ile vedala\u015ft\u0131k..<\/p>\n<p>Bu gezini amac\u0131, kendi k\u00fclt\u00fcr ve gelenekleri olan Y\u00f6r\u00fckleri tan\u0131mak onlar\u0131 ve hayatlar\u0131n\u0131 foto\u011fraflamakt\u0131. Galiba birka\u00e7 hafta ge\u00e7 kalm\u0131\u015f\u0131z, havalar so\u011fumaya ba\u015flad\u0131 Eyl\u00fcl ba\u015f\u0131ndan itibaren herkes toplan\u0131p d\u00f6n\u00fcyor. Antalya Akseki il\u00e7esi G\u00f6ktepe yaylalar\u0131nda Sara\u00e7l\u0131 Y\u00f6r\u00fckleri ile tan\u0131\u015ft\u0131k. Bir ya\u015fam bi\u00e7imidir Y\u00f6r\u00fck olmak. Ke\u00e7i k\u0131l\u0131ndan yap\u0131lm\u0131\u015f \u00e7ad\u0131rlar da konaklayanlar\u0131 arad\u0131k, bulamad\u0131k. Art\u0131k zahmetli olan k\u0131l \u00e7ad\u0131r yerine plastik, naylon benzeri \u00e7ad\u0131rlar var. Hatta baz\u0131 yerler de sabit kal\u0131c\u0131, duvarlar ile yap\u0131lm\u0131\u015f evler g\u00f6rd\u00fck. Genelde hayvanc\u0131l\u0131k ile u\u011fra\u015f\u0131rlar. Yaz\u0131n s\u0131cak olan yerlerden daha serin olan yerlere g\u00f6\u00e7 ederler. Do\u011fa insan\u0131nd\u0131rlar, kurallar kesin ve vazge\u00e7ilmez, payla\u015fmay\u0131 severler. Ya\u015famlar\u0131 zor, y\u00fcrekleri temiz Y\u00f6r\u00fckler ile tan\u0131\u015ft\u0131k, \u00e7ad\u0131rlar\u0131na konuk olduk, az\u0131klar\u0131n\u0131 payla\u015ft\u0131k sohbetler ettik.<\/p>\n<p>T\u00fcrkiye\u2019m, g\u00fczel vatan\u0131m\u2026.<\/p>\n<p>Sevgilerimle<\/p>\n<p>Hayrettin Ka\u011fn\u0131c\u0131<\/p>\n<p>www.hayrettinkagnici.com<\/p>\n<p>Eyl\u00fcl 2014<\/p>\n","protected":false},"excerpt":{"rendered":"<p>ARA\u00c7LI Y\u00d6R\u00dcKLER\u0130 \/ AKSEK\u0130, G\u00d6KTEPE YAYLALARI Y\u00f6r\u00fcklerin hayat\u0131n\u0131 hep merak etmi\u015fimdir. Ya\u015famlar\u0131, gelenek ve k\u00fclt\u00fcrlerini. T\u00fcrkiye\u2019de bir \u00e7ok yerde halen g\u00f6\u00e7er olarak ya\u015famlar\u0131n\u0131 s\u00fcrd\u00fcr\u00fcyor Y\u00f6r\u00fckler. \u015eimdiler de, develer yerine ara\u00e7lar, k\u0131l \u00e7ad\u0131rlar yerine daha pratik \u00e7ad\u0131rlar veya sabit konaklama evleri olsa da.Alanya \u00fczerinden Akseki&#8217;ye geldik , buran\u0131n yaylalar\u0131ndaki Y\u00f6r\u00fckler ile tan\u0131\u015fmak i\u00e7in. Akseki giri\u015finde ho\u015f [&hellip;]<\/p>\n","protected":false},"author":1,"featured_media":812,"comment_status":"open","ping_status":"open","sticky":false,"template":"","format":"standard","meta":{"footnotes":""},"categories":[13],"tags":[],"class_list":["post-171","post","type-post","status-publish","format-standard","has-post-thumbnail","hentry","category-gezi-notlari"],"yoast_head":"<!-- This site is optimized with the Yoast SEO plugin v24.8.1 - https:\/\/yoast.com\/wordpress\/plugins\/seo\/ -->\n<title>Y\u00f6r\u00fckler - Hayrettin Ka\u011fn\u0131c\u0131 Resmi Web Sitesi<\/title>\n<meta name=\"robots\" content=\"index, follow, max-snippet:-1, max-image-preview:large, max-video-preview:-1\" \/>\n<link rel=\"canonical\" href=\"https:\/\/hayrettinkagnici.com\/tr\/?p=171\" \/>\n<meta property=\"og:locale\" content=\"tr_TR\" \/>\n<meta property=\"og:type\" content=\"article\" \/>\n<meta property=\"og:title\" content=\"Y\u00f6r\u00fckler - Hayrettin Ka\u011fn\u0131c\u0131 Resmi Web Sitesi\" \/>\n<meta property=\"og:description\" content=\"ARA\u00c7LI Y\u00d6R\u00dcKLER\u0130 \/ AKSEK\u0130, G\u00d6KTEPE YAYLALARI Y\u00f6r\u00fcklerin hayat\u0131n\u0131 hep merak etmi\u015fimdir. Ya\u015famlar\u0131, gelenek ve k\u00fclt\u00fcrlerini. T\u00fcrkiye\u2019de bir \u00e7ok yerde halen g\u00f6\u00e7er olarak ya\u015famlar\u0131n\u0131 s\u00fcrd\u00fcr\u00fcyor Y\u00f6r\u00fckler. \u015eimdiler de, develer yerine ara\u00e7lar, k\u0131l \u00e7ad\u0131rlar yerine daha pratik \u00e7ad\u0131rlar veya sabit konaklama evleri olsa da.Alanya \u00fczerinden Akseki&#8217;ye geldik , buran\u0131n yaylalar\u0131ndaki Y\u00f6r\u00fckler ile tan\u0131\u015fmak i\u00e7in. Akseki giri\u015finde ho\u015f [&hellip;]\" \/>\n<meta property=\"og:url\" content=\"https:\/\/hayrettinkagnici.com\/tr\/?p=171\" \/>\n<meta property=\"og:site_name\" content=\"Hayrettin Ka\u011fn\u0131c\u0131 Resmi Web Sitesi\" \/>\n<meta property=\"article:published_time\" content=\"2016-01-01T07:00:39+00:00\" \/>\n<meta property=\"article:modified_time\" content=\"2016-01-09T13:40:28+00:00\" \/>\n<meta property=\"og:image\" content=\"https:\/\/hayrettinkagnici.com\/wp-content\/uploads\/2015\/11\/yorukler.jpg\" \/>\n\t<meta property=\"og:image:width\" content=\"940\" \/>\n\t<meta property=\"og:image:height\" content=\"400\" \/>\n\t<meta property=\"og:image:type\" content=\"image\/jpeg\" \/>\n<meta name=\"author\" content=\"Hayrettin Ka\u011fn\u0131c\u0131\" \/>\n<meta name=\"twitter:card\" content=\"summary_large_image\" \/>\n<meta name=\"twitter:label1\" content=\"Yazan:\" \/>\n\t<meta name=\"twitter:data1\" content=\"Hayrettin Ka\u011fn\u0131c\u0131\" \/>\n\t<meta name=\"twitter:label2\" content=\"Tahmini okuma s\u00fcresi\" \/>\n\t<meta name=\"twitter:data2\" content=\"13 dakika\" \/>\n<script type=\"application\/ld+json\" class=\"yoast-schema-graph\">{\"@context\":\"https:\/\/schema.org\",\"@graph\":[{\"@type\":\"WebPage\",\"@id\":\"https:\/\/hayrettinkagnici.com\/tr\/?p=171\",\"url\":\"https:\/\/hayrettinkagnici.com\/tr\/?p=171\",\"name\":\"Y\u00f6r\u00fckler - Hayrettin Ka\u011fn\u0131c\u0131 Resmi Web Sitesi\",\"isPartOf\":{\"@id\":\"https:\/\/hayrettinkagnici.com\/tr\/#website\"},\"primaryImageOfPage\":{\"@id\":\"https:\/\/hayrettinkagnici.com\/tr\/?p=171#primaryimage\"},\"image\":{\"@id\":\"https:\/\/hayrettinkagnici.com\/tr\/?p=171#primaryimage\"},\"thumbnailUrl\":\"https:\/\/hayrettinkagnici.com\/wp-content\/uploads\/2015\/11\/yorukler.jpg\",\"datePublished\":\"2016-01-01T07:00:39+00:00\",\"dateModified\":\"2016-01-09T13:40:28+00:00\",\"author\":{\"@id\":\"https:\/\/hayrettinkagnici.com\/tr\/#\/schema\/person\/1f18a352dd6cdf27776e032e37f0f418\"},\"breadcrumb\":{\"@id\":\"https:\/\/hayrettinkagnici.com\/tr\/?p=171#breadcrumb\"},\"inLanguage\":\"tr\",\"potentialAction\":[{\"@type\":\"ReadAction\",\"target\":[\"https:\/\/hayrettinkagnici.com\/tr\/?p=171\"]}]},{\"@type\":\"ImageObject\",\"inLanguage\":\"tr\",\"@id\":\"https:\/\/hayrettinkagnici.com\/tr\/?p=171#primaryimage\",\"url\":\"https:\/\/hayrettinkagnici.com\/wp-content\/uploads\/2015\/11\/yorukler.jpg\",\"contentUrl\":\"https:\/\/hayrettinkagnici.com\/wp-content\/uploads\/2015\/11\/yorukler.jpg\",\"width\":940,\"height\":400},{\"@type\":\"BreadcrumbList\",\"@id\":\"https:\/\/hayrettinkagnici.com\/tr\/?p=171#breadcrumb\",\"itemListElement\":[{\"@type\":\"ListItem\",\"position\":1,\"name\":\"Ana sayfa\",\"item\":\"https:\/\/hayrettinkagnici.com\/tr\/\"},{\"@type\":\"ListItem\",\"position\":2,\"name\":\"Y\u00f6r\u00fckler\"}]},{\"@type\":\"WebSite\",\"@id\":\"https:\/\/hayrettinkagnici.com\/tr\/#website\",\"url\":\"https:\/\/hayrettinkagnici.com\/tr\/\",\"name\":\"Hayrettin Ka\u011fn\u0131c\u0131 Resmi Web Sitesi\",\"description\":\"hayrettinkagnici.com\",\"potentialAction\":[{\"@type\":\"SearchAction\",\"target\":{\"@type\":\"EntryPoint\",\"urlTemplate\":\"https:\/\/hayrettinkagnici.com\/tr\/?s={search_term_string}\"},\"query-input\":{\"@type\":\"PropertyValueSpecification\",\"valueRequired\":true,\"valueName\":\"search_term_string\"}}],\"inLanguage\":\"tr\"},{\"@type\":\"Person\",\"@id\":\"https:\/\/hayrettinkagnici.com\/tr\/#\/schema\/person\/1f18a352dd6cdf27776e032e37f0f418\",\"name\":\"Hayrettin Ka\u011fn\u0131c\u0131\",\"image\":{\"@type\":\"ImageObject\",\"inLanguage\":\"tr\",\"@id\":\"https:\/\/hayrettinkagnici.com\/tr\/#\/schema\/person\/image\/\",\"url\":\"https:\/\/secure.gravatar.com\/avatar\/a11c8613cca779430a99cf38d26da169?s=96&d=mm&r=g\",\"contentUrl\":\"https:\/\/secure.gravatar.com\/avatar\/a11c8613cca779430a99cf38d26da169?s=96&d=mm&r=g\",\"caption\":\"Hayrettin Ka\u011fn\u0131c\u0131\"},\"sameAs\":[\"http:\/\/www.hayrettinkagnici.com\"],\"url\":\"https:\/\/hayrettinkagnici.com\/tr\/author\/admin\/\"}]}<\/script>\n<!-- \/ Yoast SEO plugin. -->","yoast_head_json":{"title":"Y\u00f6r\u00fckler - Hayrettin Ka\u011fn\u0131c\u0131 Resmi Web Sitesi","robots":{"index":"index","follow":"follow","max-snippet":"max-snippet:-1","max-image-preview":"max-image-preview:large","max-video-preview":"max-video-preview:-1"},"canonical":"https:\/\/hayrettinkagnici.com\/tr\/?p=171","og_locale":"tr_TR","og_type":"article","og_title":"Y\u00f6r\u00fckler - Hayrettin Ka\u011fn\u0131c\u0131 Resmi Web Sitesi","og_description":"ARA\u00c7LI Y\u00d6R\u00dcKLER\u0130 \/ AKSEK\u0130, G\u00d6KTEPE YAYLALARI Y\u00f6r\u00fcklerin hayat\u0131n\u0131 hep merak etmi\u015fimdir. Ya\u015famlar\u0131, gelenek ve k\u00fclt\u00fcrlerini. T\u00fcrkiye\u2019de bir \u00e7ok yerde halen g\u00f6\u00e7er olarak ya\u015famlar\u0131n\u0131 s\u00fcrd\u00fcr\u00fcyor Y\u00f6r\u00fckler. \u015eimdiler de, develer yerine ara\u00e7lar, k\u0131l \u00e7ad\u0131rlar yerine daha pratik \u00e7ad\u0131rlar veya sabit konaklama evleri olsa da.Alanya \u00fczerinden Akseki&#8217;ye geldik , buran\u0131n yaylalar\u0131ndaki Y\u00f6r\u00fckler ile tan\u0131\u015fmak i\u00e7in. Akseki giri\u015finde ho\u015f [&hellip;]","og_url":"https:\/\/hayrettinkagnici.com\/tr\/?p=171","og_site_name":"Hayrettin Ka\u011fn\u0131c\u0131 Resmi Web Sitesi","article_published_time":"2016-01-01T07:00:39+00:00","article_modified_time":"2016-01-09T13:40:28+00:00","og_image":[{"width":940,"height":400,"url":"https:\/\/hayrettinkagnici.com\/wp-content\/uploads\/2015\/11\/yorukler.jpg","type":"image\/jpeg"}],"author":"Hayrettin Ka\u011fn\u0131c\u0131","twitter_card":"summary_large_image","twitter_misc":{"Yazan:":"Hayrettin Ka\u011fn\u0131c\u0131","Tahmini okuma s\u00fcresi":"13 dakika"},"schema":{"@context":"https:\/\/schema.org","@graph":[{"@type":"WebPage","@id":"https:\/\/hayrettinkagnici.com\/tr\/?p=171","url":"https:\/\/hayrettinkagnici.com\/tr\/?p=171","name":"Y\u00f6r\u00fckler - Hayrettin Ka\u011fn\u0131c\u0131 Resmi Web Sitesi","isPartOf":{"@id":"https:\/\/hayrettinkagnici.com\/tr\/#website"},"primaryImageOfPage":{"@id":"https:\/\/hayrettinkagnici.com\/tr\/?p=171#primaryimage"},"image":{"@id":"https:\/\/hayrettinkagnici.com\/tr\/?p=171#primaryimage"},"thumbnailUrl":"https:\/\/hayrettinkagnici.com\/wp-content\/uploads\/2015\/11\/yorukler.jpg","datePublished":"2016-01-01T07:00:39+00:00","dateModified":"2016-01-09T13:40:28+00:00","author":{"@id":"https:\/\/hayrettinkagnici.com\/tr\/#\/schema\/person\/1f18a352dd6cdf27776e032e37f0f418"},"breadcrumb":{"@id":"https:\/\/hayrettinkagnici.com\/tr\/?p=171#breadcrumb"},"inLanguage":"tr","potentialAction":[{"@type":"ReadAction","target":["https:\/\/hayrettinkagnici.com\/tr\/?p=171"]}]},{"@type":"ImageObject","inLanguage":"tr","@id":"https:\/\/hayrettinkagnici.com\/tr\/?p=171#primaryimage","url":"https:\/\/hayrettinkagnici.com\/wp-content\/uploads\/2015\/11\/yorukler.jpg","contentUrl":"https:\/\/hayrettinkagnici.com\/wp-content\/uploads\/2015\/11\/yorukler.jpg","width":940,"height":400},{"@type":"BreadcrumbList","@id":"https:\/\/hayrettinkagnici.com\/tr\/?p=171#breadcrumb","itemListElement":[{"@type":"ListItem","position":1,"name":"Ana sayfa","item":"https:\/\/hayrettinkagnici.com\/tr\/"},{"@type":"ListItem","position":2,"name":"Y\u00f6r\u00fckler"}]},{"@type":"WebSite","@id":"https:\/\/hayrettinkagnici.com\/tr\/#website","url":"https:\/\/hayrettinkagnici.com\/tr\/","name":"Hayrettin Ka\u011fn\u0131c\u0131 Resmi Web Sitesi","description":"hayrettinkagnici.com","potentialAction":[{"@type":"SearchAction","target":{"@type":"EntryPoint","urlTemplate":"https:\/\/hayrettinkagnici.com\/tr\/?s={search_term_string}"},"query-input":{"@type":"PropertyValueSpecification","valueRequired":true,"valueName":"search_term_string"}}],"inLanguage":"tr"},{"@type":"Person","@id":"https:\/\/hayrettinkagnici.com\/tr\/#\/schema\/person\/1f18a352dd6cdf27776e032e37f0f418","name":"Hayrettin Ka\u011fn\u0131c\u0131","image":{"@type":"ImageObject","inLanguage":"tr","@id":"https:\/\/hayrettinkagnici.com\/tr\/#\/schema\/person\/image\/","url":"https:\/\/secure.gravatar.com\/avatar\/a11c8613cca779430a99cf38d26da169?s=96&d=mm&r=g","contentUrl":"https:\/\/secure.gravatar.com\/avatar\/a11c8613cca779430a99cf38d26da169?s=96&d=mm&r=g","caption":"Hayrettin Ka\u011fn\u0131c\u0131"},"sameAs":["http:\/\/www.hayrettinkagnici.com"],"url":"https:\/\/hayrettinkagnici.com\/tr\/author\/admin\/"}]}},"_links":{"self":[{"href":"https:\/\/hayrettinkagnici.com\/tr\/wp-json\/wp\/v2\/posts\/171","targetHints":{"allow":["GET"]}}],"collection":[{"href":"https:\/\/hayrettinkagnici.com\/tr\/wp-json\/wp\/v2\/posts"}],"about":[{"href":"https:\/\/hayrettinkagnici.com\/tr\/wp-json\/wp\/v2\/types\/post"}],"author":[{"embeddable":true,"href":"https:\/\/hayrettinkagnici.com\/tr\/wp-json\/wp\/v2\/users\/1"}],"replies":[{"embeddable":true,"href":"https:\/\/hayrettinkagnici.com\/tr\/wp-json\/wp\/v2\/comments?post=171"}],"version-history":[{"count":2,"href":"https:\/\/hayrettinkagnici.com\/tr\/wp-json\/wp\/v2\/posts\/171\/revisions"}],"predecessor-version":[{"id":817,"href":"https:\/\/hayrettinkagnici.com\/tr\/wp-json\/wp\/v2\/posts\/171\/revisions\/817"}],"wp:featuredmedia":[{"embeddable":true,"href":"https:\/\/hayrettinkagnici.com\/tr\/wp-json\/wp\/v2\/media\/812"}],"wp:attachment":[{"href":"https:\/\/hayrettinkagnici.com\/tr\/wp-json\/wp\/v2\/media?parent=171"}],"wp:term":[{"taxonomy":"category","embeddable":true,"href":"https:\/\/hayrettinkagnici.com\/tr\/wp-json\/wp\/v2\/categories?post=171"},{"taxonomy":"post_tag","embeddable":true,"href":"https:\/\/hayrettinkagnici.com\/tr\/wp-json\/wp\/v2\/tags?post=171"}],"curies":[{"name":"wp","href":"https:\/\/api.w.org\/{rel}","templated":true}]}}