{"id":9318,"date":"2017-09-20T04:09:33","date_gmt":"2017-09-20T01:09:33","guid":{"rendered":"http:\/\/www.hayrettinkagnici.com\/?p=9318"},"modified":"2021-04-20T23:59:07","modified_gmt":"2021-04-20T20:59:07","slug":"nasil-bu-hallere-geldik","status":"publish","type":"post","link":"https:\/\/hayrettinkagnici.com\/en\/turkish-nasil-bu-hallere-geldik\/","title":{"rendered":"(Turkish) Nas\u0131l bu hallere geldik&#8230;"},"content":{"rendered":"<p class=\"qtranxs-available-languages-message qtranxs-available-languages-message-en\">Sorry, this entry is only available in <a href=\"https:\/\/hayrettinkagnici.com\/tr\/wp-json\/wp\/v2\/posts\/9318\" class=\"qtranxs-available-language-link qtranxs-available-language-link-tr\" title=\"Turkish\">Turkish<\/a>. For the sake of viewer convenience, the content is shown below in the alternative language. You may click the link to switch the active language.<\/p><p>NASIL BU HALLERE GELD\u0130K?<\/p>\n<p>Y\u0131llar \u00f6nce, g\u00fcneyimizdeki \u00fclkelere yani Arap \u00fclkelerine bak\u0131nca hi\u00e7bir zaman b\u00f6yle olmay\u0131z diye d\u00fc\u015f\u00fcn\u00fcrd\u00fcm. T\u00fcrkiye bir\u00e7ok konuda y\u00fckseli\u015f e\u011filimindeydi. Geriydik ama y\u00f6n\u00fcm\u00fcz yukar\u0131yd\u0131. Y\u0131llar sonra bug\u00fcn e\u011fitimde geldi\u011fimiz yer;<br \/>\nT\u00fcrkiye \u0130statistik Kurumu bilgilerine g\u00f6re, T\u00fcrkiye\u2019de;<br \/>\nOkuma yazma bilmeyen ki\u015fi say\u0131s\u0131 9.625.000 (1-6 ya\u015f dahil)<br \/>\n\u0130lkokulu bitirememi\u015f ki\u015fi say\u0131s\u0131 17.820.000<br \/>\n\u0130lkokul mezunu say\u0131s\u0131 24.000.000<br \/>\nZorunlu olan ilk\u00f6\u011fretim mezunu 10.200.000<br \/>\nYetersiz e\u011fitim seviyesindeki toplam ki\u015fi say\u0131s\u0131 61.645.000<\/p>\n<p>T\u00fcrkiye n\u00fcfusunun 75 milyon oldu\u011fu kabul edilirse, toplumun %\u201982\u2019si yetersiz e\u011fitim seviyesinde. Kalan 13.5 milyon ki\u015fi, toplumun %18\u2019i orta, lise ve y\u00fcksek e\u011fitim seviyesinde.<br \/>\nYani k\u0131saca memleketin %82\u2019si ilkokul mezunu ve alt\u0131. 95 y\u0131lda geldi\u011fimiz yer buras\u0131. Ancak, y\u0131llar\u0131n istatisti\u011fine bakarsak, son 15 y\u0131lda n\u00fcfus art\u0131\u015f\u0131na g\u00f6re e\u011fitim oran\u0131 ve kalitesinde b\u00fcy\u00fck d\u00fc\u015f\u00fc\u015f g\u00f6r\u00fclmekte. 2015 y\u0131l\u0131nda 70 OECD \u00fclkesinde yap\u0131lan \u00e7al\u0131\u015fmada, T\u00fcrkiye, fen dal\u0131nda 52, matematik dal\u0131nda 49, okudu\u011funu anlamada 50. s\u0131rada.<br \/>\nGene OECD\u2019nin 15 ya\u015f d\u00fczeyinde programa kat\u0131lan \u00f6\u011frencilerle yap\u0131lan ya\u015fam memnuniyeti anket \u00e7al\u0131\u015fmas\u0131na g\u00f6re T\u00fcrkiye, OECD \u00fclkeleri aras\u0131nda son s\u0131ralarda yer ald\u0131. Yani, \u00f6\u011frenciler de mutsuz.<br \/>\nPeki, neden b\u00f6yle; son y\u0131llarda dini tarikatlar\u0131n e\u011fitimleri, imam hatip liselerinin \u00f6ne \u00e7\u0131kart\u0131lmas\u0131, Kur\u2019an kurslar\u0131n\u0131n artmas\u0131, bizleri pozitif bilimden uzakla\u015ft\u0131rd\u0131, daha mistik bir yap\u0131ya y\u00f6neltti. Bug\u00fcn lise mezunu gen\u00e7ler okuldan sonra, i\u015f hayat\u0131nda ve sosyal hayatta s\u0131k\u0131nt\u0131lar ya\u015famakta. Yap\u0131lan b\u00fct\u00fcn s\u00f6ylemler, davran\u0131\u015flar h\u00fck\u00fcmet politikalar\u0131 bizleri medeniyet ve insan haklar\u0131ndan uzakla\u015ft\u0131r\u0131p Arap k\u00fclt\u00fcr\u00fcne yak\u0131nla\u015ft\u0131rm\u0131\u015ft\u0131r. Yani az geli\u015fmi\u015flikten daha gerilere d\u00fc\u015f\u00fcrme gayreti. Bunun da izlenen bir politika oldu\u011fu \u00e7ok belli. Nereden mi belli?<br \/>\nEski Enerji Bakan\u0131 Taner Y\u0131ld\u0131z; \u201cE\u011fitim seviyesi artt\u0131k\u00e7a bizim oylar\u0131m\u0131z daral\u0131yor, biz daha az e\u011fitimli ki\u015filerden oy alabiliyoruz.\u201d<br \/>\nY\u00d6K Denetleme Kurulu \u00dcyesi Prof. Dr. B\u00fclent Ar\u0131; \u201cBen okumam\u0131\u015f cahil halka daha \u00e7ok g\u00fcveniyorum, hele \u00fcniversite okumu\u015f olanlar\u0131n zihinleri bulan\u0131k, onlar beni korkutuyor.\u201d<br \/>\nC\u00fcbbeli diye an\u0131lan tarikat lideri, her konu\u015fmas\u0131nda okuman\u0131n dine kar\u015f\u0131 gelmek oldu\u011funu, ahirette bunlar\u0131n hi\u00e7bir faydas\u0131 olmayaca\u011f\u0131n\u0131 s\u00f6yl\u00fcyor.<br \/>\n\u0130ktidar partisi Fatih gen\u00e7lik kolu ba\u015fkan\u0131 \u201cD\u00fcnya yuvarlak de\u011fil d\u00fczd\u00fcr.\u201d diye fetva veriyor.<br \/>\nDaha ne olsun, cehalet \u015fart. Bu y\u0131l \u00fcniversite m\u00fcracaat s\u0131ralamas\u0131nda Diyanet Fak\u00fcltesi en fazla talep g\u00f6ren b\u00f6l\u00fcmler aras\u0131nda.<br \/>\nAtat\u00fcrk\u2019e hi\u00e7bir d\u00f6nem bu kadar a\u011f\u0131r hakaretler yap\u0131lmam\u0131\u015ft\u0131. B\u00fct\u00fcn bu s\u00f6ylenenlere herhangi i\u015flem yap\u0131lm\u0131yor veya yap\u0131lanlar da g\u00f6stermelik. Dikkat ediniz, e\u011fitime kar\u015f\u0131 konu\u015fmalar, Atat\u00fcrk hakaretleri gittik\u00e7e artan \u015fekilde devam ediyor.<br \/>\n\u00c7ocuklara tecav\u00fcz, k\u00fc\u00e7\u00fck k\u0131z \u00e7ocuklar\u0131n\u0131n evlendirilmesi, yolsuzluk, adaletsizlik, sadece te\u015fkilat\u0131n adamlar\u0131na \u201cy\u00fcr\u00fc ya kulum\u201d demek art\u0131k normal oldu.<br \/>\nTarikatlar, son derece rahat bir \u015fekilde faaliyetlerine devam ediyor.<br \/>\nB\u00fct\u00fcn bunlar tesad\u00fcf olabilir mi? Sanki birileri neler yapacaklar\u0131n\u0131 birilerine f\u0131s\u0131ld\u0131yor. Toplumu, al\u0131\u015ft\u0131rmak istedikleri forma sokmak istiyorlar gibi. \u00d6yle de oluyor.<br \/>\nSon duruma bakal\u0131m, b\u00fct\u00fcn bat\u0131 \u00fclkeleri yani medeniyet skalas\u0131 bizden y\u00fcksek olan b\u00fct\u00fcn d\u00fcnya devletleri ile kavgal\u0131, geri d\u00f6n\u00fclmez noktalarday\u0131z. Arap d\u00fcnyas\u0131 ile de \u00e7ok bar\u0131\u015f\u0131k de\u011filiz, amma velakin b\u00fct\u00fcn d\u00fcnyaya da kafa tutmaktan geri durmuyoruz. Giderek yaln\u0131zla\u015ft\u0131k. Sonu g\u00f6z\u00fckmeyen bir yol. \u0130stenilen, kendi s\u0131n\u0131rlar\u0131 i\u00e7inde d\u00fcnya ile b\u00fct\u00fcn ili\u015fkilerini kopartm\u0131\u015f olmak m\u0131? Vikipedia, internette kullan\u0131lan ansiklopedi s\u0131n\u0131f\u0131nda bir site, \u015fimdi yasak, eri\u015fim yok, belki de bir\u00e7ok kimse fark\u0131nda bile de\u011fil. Bilgiye ihtiya\u00e7 yok, geli\u015fmi\u015f \u201c\u00f6\u011frenmeme k\u00fclt\u00fcr\u00fc\u201d, yani cehalet.<br \/>\nPeki, nas\u0131l geldik bu hallere?<br \/>\nHepimizin i\u00e7inde ya\u015fad\u0131\u011f\u0131m\u0131z aile birli\u011finden ba\u015flayarak, bireysel ve toplumsal \u00fcst yap\u0131 de\u011ferlerimiz vard\u0131r. Annemize k\u00fcf\u00fcredilirse dinlemez hemen kavgaya gireriz. Bayra\u011f\u0131m\u0131za yap\u0131lan a\u015fa\u011f\u0131l\u0131k harekette bir d\u00fc\u015f\u00fcn\u00fcn, nas\u0131l t\u00fcylerimiz kabar\u0131r, damarlar\u0131m\u0131z \u015fi\u015fer, nas\u0131l g\u00f6z\u00fcm\u00fcz karar\u0131r. Vatan\u0131 par\u00e7alamak isteyenlere kar\u015f\u0131 da ayn\u0131 duygular\u0131m\u0131z vard\u0131r. \u0130\u015fte b\u00fct\u00fcn bunlar toplumlar\u0131 ulus yapan de\u011ferler. Bu de\u011ferler varsa devlet kimli\u011finiz var, ulus kimli\u011finiz var. Bu de\u011ferler toplumun bireylerine aktard\u0131\u011f\u0131 refleks de\u011ferler, T\u00fcrk olma kimli\u011fimizin tarifi. Bu de\u011ferleri kaybetmeye ba\u015flad\u0131\u011f\u0131m\u0131z zaman yani k\u00fclt\u00fcrel reflekslerimizin k\u0131r\u0131lmaya ba\u015flad\u0131\u011f\u0131 an, kimli\u011fimizin kayboldu\u011fu, ulus de\u011ferlerini yitirmeye ba\u015flad\u0131\u011f\u0131m\u0131z and\u0131r.<br \/>\nSon 15 y\u0131l\u0131n foto\u011fraf\u0131na bakal\u0131m. Her zaman s\u00f6ylerim, T\u00fcrkler, Atat\u00fcrk\u2019\u00fc en az bilen, tan\u0131yan millettir diye. Yabanc\u0131 yay\u0131nlara bakarsan\u0131z, b\u00fct\u00fcn d\u00fcnyan\u0131n sayg\u0131 duydu\u011fu, bilimsel olarak yap\u0131lan \u00e7al\u0131\u015fmalarda son y\u00fczy\u0131l\u0131n en b\u00fcy\u00fck d\u00e2hisi oldu\u011fu \u015feklindedir. Bu kadar derin olarak bilmesek de, bu vatan\u0131n kurucusu, bizleri medeniyete ta\u015f\u0131yan b\u00fcy\u00fck kahraman olarak kabul eder, bu \u015fekilde sayg\u0131 ve \u00fcst d\u00fczeyde \u015f\u00fckran borcumuzu ifade ederiz. Hi\u00e7 kimse dil uzatma c\u00fcretini g\u00f6steremezdi, en \u00fcst seviyede toplumsal reflekse ge\u00e7erdik. Bug\u00fcn, bir s\u00fcr\u00fc \u015ferefsiz dil uzatmakta ve bizler de sadece k\u0131zarak bakmaktay\u0131z. Ama\u00e7, d\u00fcnyan\u0131n sayg\u0131 duydu\u011fu Atat\u00fcrk\u2019\u00fc s\u0131radanla\u015ft\u0131rmak.<br \/>\n\u00d6nceleri, bu vatan i\u00e7in \u015fehit olanlar kutsal olarak kabul edilirdi, duydu\u011fumuz zaman ne kadar gerilirdik. Bug\u00fcn \u015fehitlerimiz haberlerin sonunda yer almaya ba\u015flad\u0131, \u00f6nemsizle\u015fti.<br \/>\nKim c\u00fcret g\u00f6sterebilirdi, bayra\u011f\u0131m\u0131z hakk\u0131nda konu\u015fmaya, onu y\u0131pratmaya. Bug\u00fcn b\u0131rak\u0131n bayra\u011f\u0131, T\u00fcrk oldu\u011fundan utand\u0131\u011f\u0131n\u0131 mecliste a\u00e7\u0131klayan vekiller var.<br \/>\nVatan sevgisi, kimin haddi olabilirdi dil uzatmaya? Kim dini de\u011ferlerimizi bu kadar tabans\u0131z ve yanl\u0131\u015f \u015fekilde bilgisizce y\u00f6nlendirmeye yana\u015fabilirdi? Bug\u00fcn bnlara yeterli reaksiyonlar\u0131 veremiyoruz, neden reflekslerimiz k\u0131r\u0131ld\u0131? Bu k\u0131r\u0131lma kendili\u011finden mi oldu? Hay\u0131r. \u00c7\u0131kar ve menfaat u\u011fruna memleketi satan \u015ferefsiz y\u00f6neticilerin ba\u015fkalar\u0131n\u0131n yazd\u0131\u011f\u0131 oyuna alet olmas\u0131 y\u00fcz\u00fcnden.<br \/>\nGe\u00e7mi\u015fte \u00e7ok yaz\u0131ld\u0131 \u00e7izildi, B\u00fcy\u00fck Orta Do\u011fu Projesi (BOP). Geldi\u011fimiz nokta, sondan iki \u00f6nceki b\u00f6l\u00fcm. \u00d6nce e\u011fitim ve din kontrol alt\u0131na al\u0131nd\u0131. \u0130lkokulda her sabah okutulan and\u0131m\u0131z kald\u0131r\u0131ld\u0131. Neredeyse d\u00fcnyada b\u00fct\u00fcn ilkokullarda i\u00e7inde vatan, millet, sevgi, sayg\u0131 i\u00e7eren metin. Her sene e\u011fitimde yap\u0131lan de\u011fi\u015fiklik, m\u00fcfredat\u0131n s\u00fcrekli de\u011fi\u015fmesi, geriye do\u011fru gidi\u015f. Liselerden felsefe ve mant\u0131k derslerinin kald\u0131r\u0131lmas\u0131, inan\u0131lacak gibi de\u011fil, ne kadar \u00f6nemli ve gerekli derslerdi hayat\u0131m\u0131zda. Yani, e\u011fitim ba\u015f a\u015fa\u011f\u0131 edildi, sonu\u00e7 d\u00fcnya s\u0131ralamas\u0131nda Afrika \u00fclkeleri ile ayn\u0131 kategoriye geldik. Yani, i\u00e7inde bilim, teknoloji, ger\u00e7eklik, pozitif bilim olmayan e\u011fitim. \u00c7ocuklara bak\u0131n, soru sormay\u0131, ara\u015ft\u0131rma yapmay\u0131 bilmeyen bir nesil.<br \/>\nY\u00f6ntemin kolay yolu, dini \u00f6ne \u00e7\u0131karmak yani her \u015feyi dini olarak izah etmek. Arad\u0131\u011f\u0131n cevaplar\u0131n hepsi, ihtiya\u00e7 olan her konuda b\u00fct\u00fcn bilgiler kutsal kitab\u0131m\u0131z Kur\u2019an\u2019da zaten var (!) demek. Uzaydan karadeli\u011fe, iklim de\u011fi\u015fimlerinden g\u00fcne\u015fteki patlamalara, her t\u00fcrl\u00fc yeni teknolojilere kadar b\u00fct\u00fcn ilim, bilim konular\u0131n\u0131n Kur\u2019an\u2019da yazd\u0131\u011f\u0131n\u0131 zanneden ahmaklar. \u00c7ok merak ediyorum, ka\u00e7 ki\u015fi Kur\u2019an\u2019\u0131 bilerek ve anlayarak okuyabiliyor. \u00c7evrenizde ahkam kesenlere sorun Allah a\u015fk\u0131na, Kur\u2019an\u2019da ka\u00e7 ayet var (mezhepler aras\u0131 fikir birli\u011fi yok, buna g\u00f6re 6236 ile 6666 aras\u0131 farkl\u0131 kabul var), ka\u00e7 s\u00fcre var (114), ka\u00e7 c\u00fcz var (30), toplam ka\u00e7 sayfad\u0131r (600). Bunlar\u0131 bile bilmeyenler kendilerini bir bok san\u0131p fetva veriyor. L\u00fctfen, T\u00fcrk\u00e7e a\u00e7\u0131klamas\u0131n\u0131 okuyun, kendini bilmez bu densizlerin ne kadar bilgisiz oldu\u011funu anlamak i\u00e7in.<br \/>\nM\u00fcsl\u00fcmanl\u0131\u011f\u0131n 5 temel \u015fart\u0131, olmazsa olmaz\u0131; namaz k\u0131lmak, oru\u00e7 tutmak, hacca gitmek, kelime-i \u015fehadet getirmek, zek\u00e2t vermek. H\u0131rs\u0131zl\u0131k yapmamak, zina yapmamak, \u00f6ld\u00fcrmemek, ba\u015fkas\u0131n\u0131n mal\u0131nda g\u00f6z\u00fc olmamak, ahlaks\u0131zl\u0131k yapmamak, yalan s\u00f6ylememek, ihanet, \u015ferefsizlik gibi konular temel \u015fart de\u011fil. Yani cih\u00e2d diyerek, tekbir getirerek adam\u0131 g\u0131rtla\u011f\u0131ndan kesebilirsin. Her t\u00fcrl\u00fc h\u0131rs\u0131zl\u0131k, yolsuzluk, hortumlama yapabilir, k\u00fc\u00e7\u00fck erkek, k\u0131z \u00e7ocuklara tecav\u00fcz edebilir, ba\u015fkas\u0131n\u0131n mal\u0131na m\u00fclk\u00fcne el koyabilirsin. Ancak tek \u015fartla haa! Bunlar\u0131 yapt\u0131ktan sonra namaz k\u0131l\u0131p, oru\u00e7 tutup, hacca gidip \u201cAllah\u2019\u0131m g\u00fcnahlar\u0131m\u0131 affet\u201d diyeceksin, \u00f6yle mi? Bu mudur din, bu mudur insanl\u0131k? Kendin h\u0131rs\u0131zl\u0131ktan, sap\u0131kl\u0131ktan hapis yatm\u0131\u015f olacaks\u0131n, ete\u011fi k\u0131sa diye gen\u00e7 k\u0131za sald\u0131r\u0131p d\u00f6veceksin, ad\u0131n\u0131 da dinimize ayk\u0131r\u0131 koyacaks\u0131n. Yan\u0131 ba\u015f\u0131nda memleketi soyan\u0131, katilleri g\u00f6rmezden gelecek, Allah ad\u0131na yap\u0131yor diyeceksin, \u00f6yle mi? Dindar olmak; vicdanl\u0131 olmak, ahlakl\u0131 olmak, faziletli olmak, yani insan olmak demektir.<br \/>\nKutsal kitab\u0131m\u0131z\u0131 okumadan, anlamadan, haram helal nedir bilmeden ahkam kes, ak\u0131l ver ama kendini hari\u00e7 tut. M\u00fcsl\u00fcmanl\u0131k bu de\u011fil, dinimiz bu de\u011fil. Duydunuz mu hi\u00e7, bale okullar\u0131nda, tiyatro okullar\u0131nda k\u00fc\u00e7\u00fck \u00e7ocuklara tecav\u00fcz olay\u0131. Neden bunlar dini merkezlerde oluyor? Bug\u00fcn sap\u0131kl\u0131\u011fa maruz kalan, yar\u0131n kendisi de ayn\u0131 yolda sap\u0131k oluyor, zincir devam&#8230;<br \/>\nB\u00fct\u00fcn okullarda giderek din a\u011f\u0131rl\u0131kl\u0131 e\u011fitim yayg\u0131nla\u015ft\u0131r\u0131lmaya \u00e7al\u0131\u015f\u0131l\u0131yor. Ensar vak\u0131flar art\u0131k Milli E\u011fitim Bakanl\u0131\u011f\u0131n\u0131n himayesinde e\u011fitimlere devam ediyor. Tarikat ve dini derneklerde, \u00e7ocuklara \u201cKemal\u2019in devlerini y\u0131kaca\u011f\u0131z, \u015feriat getirece\u011fiz\u201d diye mar\u015flar \u00f6\u011fretiliyor, yarg\u0131dan ses yok. K\u0131z \u0130mam Hatip Okullar\u0131 var her tarafta, Allah a\u015fk\u0131na kad\u0131n imam olur mu? Peki neden; kad\u0131n\u0131 k\u00fc\u00e7\u00fckken k\u00f6reltip k\u00f6r cahil b\u0131rakmak i\u00e7in. E\u011fitimli kad\u0131n bunlar i\u00e7in b\u00fcy\u00fck tehlike&#8230;<br \/>\nBilmeden, anlamadan, ezberci k\u00f6r e\u011fitim. Teknoloji, bilim, felsefe, sanat yok. Bat\u0131 d\u00fcnyas\u0131n\u0131 da kendine d\u00fc\u015fman ettin mi, arana mesafe koydun mu tamamd\u0131r. Ba\u015f a\u015fa\u011f\u0131 Araplar\u0131n oldu\u011fu batakl\u0131\u011fa do\u011fru yolculuk.<br \/>\nAtat\u00fcrk\u2019\u00fcn ba\u015fta harf ve di\u011fer devrimleri ile medeniyet, insan haklar\u0131, teknoloji, sanayile\u015fme gibi konularda yol almaya ba\u015flam\u0131\u015ft\u0131k. Bunlar k\u00fclt\u00fcrlerimiz, ulusal reflekslerimiz olmaya ba\u015flam\u0131\u015ft\u0131. \u0130stiklal Sava\u015f\u0131\u2019ndaki, \u00c7anakkale\u2019deki toplumsal reflekslerimizin g\u00fcc\u00fcn\u00fc d\u00fc\u015f\u00fcn\u00fcn. Hi\u00e7bir \u015fey vatan savunmas\u0131n\u0131n \u00f6n\u00fcnde de\u011fildi.<br \/>\nB\u00fct\u00fcn Arap ve \u0130slam d\u00fcnyas\u0131na bak\u0131n, hepsi ayn\u0131 tezg\u00e2hta. Neden, ya topra\u011f\u0131nda petrol veya zenginlik var ya da h\u0131zl\u0131 geli\u015fme potansiyeli. A\u00e7l\u0131k, yoksulluk, sava\u015f, her t\u00fcrl\u00fc felaket, sefalet buralarda. Neden, temel e\u011fitim yerlerde s\u00fcr\u00fcn\u00fcyor, din a\u011f\u0131rl\u0131kl\u0131 tedrisat. Her \u015feyin mucize oldu\u011funa m\u0131, yoksa her olay\u0131n bir a\u00e7\u0131klamas\u0131 oldu\u011funa m\u0131 inanmal\u0131? Her \u015feyi mucizeye ba\u011flarsan \u00f6\u011frenecek bir \u015fey yok demektir. Yobazl\u0131k, ba\u011fnazl\u0131k, kara cahillik i\u015fte b\u00f6yle bir \u015fey.<br \/>\nHuzur \u0130slam\u2019da da o zaman neden b\u00fct\u00fcn M\u00fcsl\u00fcmanlar, M\u00fcsl\u00fcman olmayan bat\u0131 devletlerine ka\u00e7\u0131yorlar, kendilerini orada g\u00fcvende ve huzurlu hissediyorlar? B\u00fct\u00fcn bunlar, kutsal kitab\u0131m\u0131z Kur\u2019an-\u0131 Kerim\u2019i \u00e7ok iyi okuyup anlayabildi\u011fimiz i\u00e7in mi, yoksa kafam\u0131z kumda, k\u0131\u00e7\u0131m\u0131z havada, ak\u0131ldan, bilimden yoksun, do\u011fru d\u00fcr\u00fcst okuma yazmas\u0131 bile olmayan gerzeklerin pe\u015finden gitmeyi tercih etti\u011fimiz i\u00e7in mi?<br \/>\nAcaba, bu g\u00fczel dinimizi daha iyi anlayabilmek i\u00e7in, dualar\u0131m\u0131z dahil her \u015feyi Arap\u00e7a yerine T\u00fcrk\u00e7e okuyabilseydik daha iyi olmaz m\u0131yd\u0131? Tanr\u0131\u2019ya dua etmek i\u00e7in Arap\u00e7an\u0131n \u015fart oldu\u011funu mu d\u00fc\u015f\u00fcn\u00fcyorsunuz? Bu kara perdeyi aralamak, yalan yanl\u0131\u015f, bilgisizce, \u00e7\u0131kar ama\u00e7l\u0131 dinimizi kullananlar\u0131 g\u00f6rmek i\u00e7in, duygular\u0131m\u0131z\u0131 daha do\u011fru ifade edebilece\u011fimiz, manas\u0131n\u0131 daha iyi anlayaca\u011f\u0131m\u0131z ana dilimizi, neden kullanmayal\u0131m? Do\u011frular\u0131 daha iyi g\u00f6rmek, anlamak i\u00e7in bir R\u00f6nesans g\u00fcc\u00fcnde reform yapma zaman\u0131n\u0131n geldi\u011fini d\u00fc\u015f\u00fcn\u00fcyorum.<br \/>\nAmac\u0131m, kara tablo \u00e7izmek de\u011fil, g\u00fcncel foto\u011fraf\u0131 do\u011fru okumak.<br \/>\nK\u00fclt\u00fcrel ve ulus reflekslerimizi kaybetmememiz mutlak \u015fart. Unutmayal\u0131m, bu topraklardan Atat\u00fcrk diye biri geldi ge\u00e7ti. Tek ba\u015f\u0131na, d\u00fc\u015fman\u0131n yan\u0131 s\u0131ra, i\u00e7eride sat\u0131lm\u0131\u015f hainlere, yobazlara ve menfaat pe\u015finde vatan\u0131 b\u00f6lmeye \u00e7al\u0131\u015fan \u015ferefsizlere kar\u015f\u0131 da m\u00fccadele verdi.<br \/>\nAkl\u0131selim olmak ve do\u011fruluk her zaman galip gelecektir.<\/p>\n<p>Sevgilerimle<br \/>\nHayrettin Ka\u011fn\u0131c\u0131<br \/>\nEyl\u00fcl 2017<\/p>","protected":false},"excerpt":{"rendered":"<p>Sorry, this entry is only available in Turkish. For the sake of viewer convenience, the content is shown below in the alternative language. You may click the link to switch the active language.NASIL BU HALLERE GELD\u0130K? Y\u0131llar \u00f6nce, g\u00fcneyimizdeki \u00fclkelere yani Arap \u00fclkelerine bak\u0131nca hi\u00e7bir zaman b\u00f6yle olmay\u0131z diye d\u00fc\u015f\u00fcn\u00fcrd\u00fcm. T\u00fcrkiye bir\u00e7ok konuda y\u00fckseli\u015f e\u011filimindeydi. [&hellip;]<\/p>\n","protected":false},"author":2,"featured_media":13616,"comment_status":"closed","ping_status":"open","sticky":false,"template":"","format":"standard","meta":{"footnotes":""},"categories":[1],"tags":[],"class_list":["post-9318","post","type-post","status-publish","format-standard","has-post-thumbnail","hentry","category-genel"],"yoast_head":"<!-- This site is optimized with the Yoast SEO plugin v24.8.1 - https:\/\/yoast.com\/wordpress\/plugins\/seo\/ -->\n<title>(Turkish) Nas\u0131l bu hallere geldik... - Hayrettin Ka\u011fn\u0131c\u0131 - Official website<\/title>\n<meta name=\"robots\" content=\"index, follow, max-snippet:-1, max-image-preview:large, max-video-preview:-1\" \/>\n<link rel=\"canonical\" href=\"https:\/\/hayrettinkagnici.com\/tr\/?p=9318\" \/>\n<meta property=\"og:locale\" content=\"en_US\" \/>\n<meta property=\"og:type\" content=\"article\" \/>\n<meta property=\"og:title\" content=\"(Turkish) Nas\u0131l bu hallere geldik... - Hayrettin Ka\u011fn\u0131c\u0131 - Official website\" \/>\n<meta property=\"og:description\" content=\"Sorry, this entry is only available in Turkish. For the sake of viewer convenience, the content is shown below in the alternative language. You may click the link to switch the active language.NASIL BU HALLERE GELD\u0130K? Y\u0131llar \u00f6nce, g\u00fcneyimizdeki \u00fclkelere yani Arap \u00fclkelerine bak\u0131nca hi\u00e7bir zaman b\u00f6yle olmay\u0131z diye d\u00fc\u015f\u00fcn\u00fcrd\u00fcm. T\u00fcrkiye bir\u00e7ok konuda y\u00fckseli\u015f e\u011filimindeydi. [&hellip;]\" \/>\n<meta property=\"og:url\" content=\"https:\/\/hayrettinkagnici.com\/tr\/?p=9318\" \/>\n<meta property=\"og:site_name\" content=\"Hayrettin Ka\u011fn\u0131c\u0131 - Official website\" \/>\n<meta property=\"article:published_time\" content=\"2017-09-20T01:09:33+00:00\" \/>\n<meta property=\"article:modified_time\" content=\"2021-04-20T20:59:07+00:00\" \/>\n<meta property=\"og:image\" content=\"https:\/\/hayrettinkagnici.com\/wp-content\/uploads\/nasil-bu-hallere-geldik.jpg\" \/>\n\t<meta property=\"og:image:width\" content=\"900\" \/>\n\t<meta property=\"og:image:height\" content=\"460\" \/>\n\t<meta property=\"og:image:type\" content=\"image\/jpeg\" \/>\n<meta name=\"author\" content=\"Hayrettin Ka\u011fn\u0131c\u0131\" \/>\n<meta name=\"twitter:card\" content=\"summary_large_image\" \/>\n<meta name=\"twitter:label1\" content=\"Written by\" \/>\n\t<meta name=\"twitter:data1\" content=\"Hayrettin Ka\u011fn\u0131c\u0131\" \/>\n\t<meta name=\"twitter:label2\" content=\"Est. reading time\" \/>\n\t<meta name=\"twitter:data2\" content=\"11 minutes\" \/>\n<script type=\"application\/ld+json\" class=\"yoast-schema-graph\">{\"@context\":\"https:\/\/schema.org\",\"@graph\":[{\"@type\":\"WebPage\",\"@id\":\"https:\/\/hayrettinkagnici.com\/tr\/?p=9318\",\"url\":\"https:\/\/hayrettinkagnici.com\/tr\/?p=9318\",\"name\":\"(Turkish) Nas\u0131l bu hallere geldik... - Hayrettin Ka\u011fn\u0131c\u0131 - Official website\",\"isPartOf\":{\"@id\":\"https:\/\/hayrettinkagnici.com\/tr\/#website\"},\"primaryImageOfPage\":{\"@id\":\"https:\/\/hayrettinkagnici.com\/tr\/?p=9318#primaryimage\"},\"image\":{\"@id\":\"https:\/\/hayrettinkagnici.com\/tr\/?p=9318#primaryimage\"},\"thumbnailUrl\":\"https:\/\/hayrettinkagnici.com\/wp-content\/uploads\/nasil-bu-hallere-geldik.jpg\",\"datePublished\":\"2017-09-20T01:09:33+00:00\",\"dateModified\":\"2021-04-20T20:59:07+00:00\",\"author\":{\"@id\":\"https:\/\/hayrettinkagnici.com\/tr\/#\/schema\/person\/41376320da30fa4a422a216e619233ac\"},\"breadcrumb\":{\"@id\":\"https:\/\/hayrettinkagnici.com\/tr\/?p=9318#breadcrumb\"},\"inLanguage\":\"en-US\",\"potentialAction\":[{\"@type\":\"ReadAction\",\"target\":[\"https:\/\/hayrettinkagnici.com\/tr\/?p=9318\"]}]},{\"@type\":\"ImageObject\",\"inLanguage\":\"en-US\",\"@id\":\"https:\/\/hayrettinkagnici.com\/tr\/?p=9318#primaryimage\",\"url\":\"https:\/\/hayrettinkagnici.com\/wp-content\/uploads\/nasil-bu-hallere-geldik.jpg\",\"contentUrl\":\"https:\/\/hayrettinkagnici.com\/wp-content\/uploads\/nasil-bu-hallere-geldik.jpg\",\"width\":900,\"height\":460},{\"@type\":\"BreadcrumbList\",\"@id\":\"https:\/\/hayrettinkagnici.com\/tr\/?p=9318#breadcrumb\",\"itemListElement\":[{\"@type\":\"ListItem\",\"position\":1,\"name\":\"Ana sayfa\",\"item\":\"https:\/\/hayrettinkagnici.com\/tr\/\"},{\"@type\":\"ListItem\",\"position\":2,\"name\":\"Nas\u0131l bu hallere geldik&#8230;\"}]},{\"@type\":\"WebSite\",\"@id\":\"https:\/\/hayrettinkagnici.com\/tr\/#website\",\"url\":\"https:\/\/hayrettinkagnici.com\/tr\/\",\"name\":\"Hayrettin Ka\u011fn\u0131c\u0131 - Official website\",\"description\":\"hayrettinkagnici.com\",\"potentialAction\":[{\"@type\":\"SearchAction\",\"target\":{\"@type\":\"EntryPoint\",\"urlTemplate\":\"https:\/\/hayrettinkagnici.com\/tr\/?s={search_term_string}\"},\"query-input\":{\"@type\":\"PropertyValueSpecification\",\"valueRequired\":true,\"valueName\":\"search_term_string\"}}],\"inLanguage\":\"en-US\"},{\"@type\":\"Person\",\"@id\":\"https:\/\/hayrettinkagnici.com\/tr\/#\/schema\/person\/41376320da30fa4a422a216e619233ac\",\"name\":\"Hayrettin Ka\u011fn\u0131c\u0131\",\"image\":{\"@type\":\"ImageObject\",\"inLanguage\":\"en-US\",\"@id\":\"https:\/\/hayrettinkagnici.com\/tr\/#\/schema\/person\/image\/\",\"url\":\"https:\/\/secure.gravatar.com\/avatar\/6e542954c1296a96c4933ac998829f5a?s=96&d=mm&r=g\",\"contentUrl\":\"https:\/\/secure.gravatar.com\/avatar\/6e542954c1296a96c4933ac998829f5a?s=96&d=mm&r=g\",\"caption\":\"Hayrettin Ka\u011fn\u0131c\u0131\"},\"description\":\"Makine Y\u00fcksek m\u00fchendislik e\u011fitiminden sonra kendi firmas\u0131n\u0131 kurarak i\u015f hayat\u0131na at\u0131lm\u0131\u015f, CNC kontroll\u00fc sanayi makineleri konusunda uzun y\u0131llar sekt\u00f6rde hizmet vermi\u015f, \u00f6zellikle daire ve \u015ferit testere ile metal kesme konular\u0131nda gerek pratik gerekse teorik olarak uzmanla\u015fm\u0131\u015ft\u0131r.\",\"sameAs\":[\"http:\/\/www.hayrettinkagnici.com\"],\"url\":\"https:\/\/hayrettinkagnici.com\/en\/author\/hayrettin\/\"}]}<\/script>\n<!-- \/ Yoast SEO plugin. -->","yoast_head_json":{"title":"(Turkish) Nas\u0131l bu hallere geldik... - Hayrettin Ka\u011fn\u0131c\u0131 - Official website","robots":{"index":"index","follow":"follow","max-snippet":"max-snippet:-1","max-image-preview":"max-image-preview:large","max-video-preview":"max-video-preview:-1"},"canonical":"https:\/\/hayrettinkagnici.com\/tr\/?p=9318","og_locale":"en_US","og_type":"article","og_title":"(Turkish) Nas\u0131l bu hallere geldik... - Hayrettin Ka\u011fn\u0131c\u0131 - Official website","og_description":"Sorry, this entry is only available in Turkish. For the sake of viewer convenience, the content is shown below in the alternative language. You may click the link to switch the active language.NASIL BU HALLERE GELD\u0130K? Y\u0131llar \u00f6nce, g\u00fcneyimizdeki \u00fclkelere yani Arap \u00fclkelerine bak\u0131nca hi\u00e7bir zaman b\u00f6yle olmay\u0131z diye d\u00fc\u015f\u00fcn\u00fcrd\u00fcm. T\u00fcrkiye bir\u00e7ok konuda y\u00fckseli\u015f e\u011filimindeydi. [&hellip;]","og_url":"https:\/\/hayrettinkagnici.com\/tr\/?p=9318","og_site_name":"Hayrettin Ka\u011fn\u0131c\u0131 - Official website","article_published_time":"2017-09-20T01:09:33+00:00","article_modified_time":"2021-04-20T20:59:07+00:00","og_image":[{"width":900,"height":460,"url":"https:\/\/hayrettinkagnici.com\/wp-content\/uploads\/nasil-bu-hallere-geldik.jpg","type":"image\/jpeg"}],"author":"Hayrettin Ka\u011fn\u0131c\u0131","twitter_card":"summary_large_image","twitter_misc":{"Written by":"Hayrettin Ka\u011fn\u0131c\u0131","Est. reading time":"11 minutes"},"schema":{"@context":"https:\/\/schema.org","@graph":[{"@type":"WebPage","@id":"https:\/\/hayrettinkagnici.com\/tr\/?p=9318","url":"https:\/\/hayrettinkagnici.com\/tr\/?p=9318","name":"(Turkish) Nas\u0131l bu hallere geldik... - Hayrettin Ka\u011fn\u0131c\u0131 - Official website","isPartOf":{"@id":"https:\/\/hayrettinkagnici.com\/tr\/#website"},"primaryImageOfPage":{"@id":"https:\/\/hayrettinkagnici.com\/tr\/?p=9318#primaryimage"},"image":{"@id":"https:\/\/hayrettinkagnici.com\/tr\/?p=9318#primaryimage"},"thumbnailUrl":"https:\/\/hayrettinkagnici.com\/wp-content\/uploads\/nasil-bu-hallere-geldik.jpg","datePublished":"2017-09-20T01:09:33+00:00","dateModified":"2021-04-20T20:59:07+00:00","author":{"@id":"https:\/\/hayrettinkagnici.com\/tr\/#\/schema\/person\/41376320da30fa4a422a216e619233ac"},"breadcrumb":{"@id":"https:\/\/hayrettinkagnici.com\/tr\/?p=9318#breadcrumb"},"inLanguage":"en-US","potentialAction":[{"@type":"ReadAction","target":["https:\/\/hayrettinkagnici.com\/tr\/?p=9318"]}]},{"@type":"ImageObject","inLanguage":"en-US","@id":"https:\/\/hayrettinkagnici.com\/tr\/?p=9318#primaryimage","url":"https:\/\/hayrettinkagnici.com\/wp-content\/uploads\/nasil-bu-hallere-geldik.jpg","contentUrl":"https:\/\/hayrettinkagnici.com\/wp-content\/uploads\/nasil-bu-hallere-geldik.jpg","width":900,"height":460},{"@type":"BreadcrumbList","@id":"https:\/\/hayrettinkagnici.com\/tr\/?p=9318#breadcrumb","itemListElement":[{"@type":"ListItem","position":1,"name":"Ana sayfa","item":"https:\/\/hayrettinkagnici.com\/tr\/"},{"@type":"ListItem","position":2,"name":"Nas\u0131l bu hallere geldik&#8230;"}]},{"@type":"WebSite","@id":"https:\/\/hayrettinkagnici.com\/tr\/#website","url":"https:\/\/hayrettinkagnici.com\/tr\/","name":"Hayrettin Ka\u011fn\u0131c\u0131 - Official website","description":"hayrettinkagnici.com","potentialAction":[{"@type":"SearchAction","target":{"@type":"EntryPoint","urlTemplate":"https:\/\/hayrettinkagnici.com\/tr\/?s={search_term_string}"},"query-input":{"@type":"PropertyValueSpecification","valueRequired":true,"valueName":"search_term_string"}}],"inLanguage":"en-US"},{"@type":"Person","@id":"https:\/\/hayrettinkagnici.com\/tr\/#\/schema\/person\/41376320da30fa4a422a216e619233ac","name":"Hayrettin Ka\u011fn\u0131c\u0131","image":{"@type":"ImageObject","inLanguage":"en-US","@id":"https:\/\/hayrettinkagnici.com\/tr\/#\/schema\/person\/image\/","url":"https:\/\/secure.gravatar.com\/avatar\/6e542954c1296a96c4933ac998829f5a?s=96&d=mm&r=g","contentUrl":"https:\/\/secure.gravatar.com\/avatar\/6e542954c1296a96c4933ac998829f5a?s=96&d=mm&r=g","caption":"Hayrettin Ka\u011fn\u0131c\u0131"},"description":"Makine Y\u00fcksek m\u00fchendislik e\u011fitiminden sonra kendi firmas\u0131n\u0131 kurarak i\u015f hayat\u0131na at\u0131lm\u0131\u015f, CNC kontroll\u00fc sanayi makineleri konusunda uzun y\u0131llar sekt\u00f6rde hizmet vermi\u015f, \u00f6zellikle daire ve \u015ferit testere ile metal kesme konular\u0131nda gerek pratik gerekse teorik olarak uzmanla\u015fm\u0131\u015ft\u0131r.","sameAs":["http:\/\/www.hayrettinkagnici.com"],"url":"https:\/\/hayrettinkagnici.com\/en\/author\/hayrettin\/"}]}},"_links":{"self":[{"href":"https:\/\/hayrettinkagnici.com\/en\/wp-json\/wp\/v2\/posts\/9318","targetHints":{"allow":["GET"]}}],"collection":[{"href":"https:\/\/hayrettinkagnici.com\/en\/wp-json\/wp\/v2\/posts"}],"about":[{"href":"https:\/\/hayrettinkagnici.com\/en\/wp-json\/wp\/v2\/types\/post"}],"author":[{"embeddable":true,"href":"https:\/\/hayrettinkagnici.com\/en\/wp-json\/wp\/v2\/users\/2"}],"replies":[{"embeddable":true,"href":"https:\/\/hayrettinkagnici.com\/en\/wp-json\/wp\/v2\/comments?post=9318"}],"version-history":[{"count":12,"href":"https:\/\/hayrettinkagnici.com\/en\/wp-json\/wp\/v2\/posts\/9318\/revisions"}],"predecessor-version":[{"id":13586,"href":"https:\/\/hayrettinkagnici.com\/en\/wp-json\/wp\/v2\/posts\/9318\/revisions\/13586"}],"wp:featuredmedia":[{"embeddable":true,"href":"https:\/\/hayrettinkagnici.com\/en\/wp-json\/wp\/v2\/media\/13616"}],"wp:attachment":[{"href":"https:\/\/hayrettinkagnici.com\/en\/wp-json\/wp\/v2\/media?parent=9318"}],"wp:term":[{"taxonomy":"category","embeddable":true,"href":"https:\/\/hayrettinkagnici.com\/en\/wp-json\/wp\/v2\/categories?post=9318"},{"taxonomy":"post_tag","embeddable":true,"href":"https:\/\/hayrettinkagnici.com\/en\/wp-json\/wp\/v2\/tags?post=9318"}],"curies":[{"name":"wp","href":"https:\/\/api.w.org\/{rel}","templated":true}]}}